{"id":12719,"date":"2020-10-19T21:05:54","date_gmt":"2020-10-19T21:05:54","guid":{"rendered":"http:\/\/bauclassroom.com\/info\/?p=12719"},"modified":"2020-10-07T21:33:38","modified_gmt":"2020-10-07T21:33:38","slug":"rencontre-jardin-et-nature","status":"publish","type":"post","link":"http:\/\/bauclassroom.com\/info\/2020\/10\/19\/rencontre-jardin-et-nature\/","title":{"rendered":"Rencontre Jardin Et Nature"},"content":{"rendered":"<p><img decoding=\"async\" src=\"http:\/\/1.bp.blogspot.com\/-rdGBcxZ9Vbk\/U0qmcwxrY6I\/AAAAAAAADnk\/BsPWIBhNVNc\/s1600\/P1050651web.jpg\" alt=\"rencontre jardin et nature\" align=\"left\"> Bref, ce nest pas la panac\u00e9e.Quelques uns peuvent y trouver leur compte, mais pour la majorit\u00e9 cest un vaste catalogue ou lon fait ses courses \u00e0 lillusion. <img decoding=\"async\" src=\"http:\/\/www.au-manoir.fr\/KerKaya\/albums\/galerie-photo\/paysages-nature\/parcs-et-jardins\/jardin-de-mousses\/bois-des-moutiers-58-mai-2012.jpg\" alt=\"rencontre jardin et nature\" align=\"center\"> A limage des Incroyables Comestibles, cest un espace accessible \u00c3 tout heure, o\u00c3 chacun peut cueillir les fruits des arbres, piocher dans les aromatiques ou r\u00c3colter les l\u00c3gumes pr\u00c3\u00aat \u00c3 \u00c3\u00aatre consomm\u00c3s. Pour cultiver des fruits et l\u00e9gumes et partager ce lopin de terre, contactez Josseline Gaillard de lassociation JAdopteUnPotager.com au 06 08 60 62 44. Code de v\u00e9rification envoy\u00e9 sur votre bo\u00eete mail. Merci de le saisir dans les cases ci-dessous contre. Veuillez v\u00e9rifier ladresse mail renseign\u00e9e et vos spams si vous ne le recevez pas. Le jardin des senteurs et des saveurs, 24 rue de Creully, 14480 SAINT GABRIEL BRECY, Mr Hugues Le Cieux lejardindessenteurs.com Lassociation Accueil et Rencontres recrute un agent daccueil animateur nature pour le Jardin des Aures \u00e0 Marseille 15\u00e8me-RJSM Super \u00e9quipe! Beaucoup de s\u00e9rieux et tr\u00e8s \u00e0 l\u00e9coute. Un conducteur de travaux tr\u00e8s professionnel et investi dans le projet, tr\u00e8s soucieux du d\u00e9tail.  Confirmez-vous que vous ne serez pas pr\u00e9sent \u00e0? DECHETERIES : fonctionnement normal et horaires habituels d\u00e8s lundi 15 juin-5 septembre : initiation \u00e0 la saponification \u00e0 froid 3h, \u00e0 partir de 16 ans Le jardin public se distingue du par le caract\u00e8re construit de son paysage et de sa v\u00e9g\u00e9tation. Lutilisation desp\u00e8ces v\u00e9g\u00e9tales remarquables \u00e9trang\u00e8res au lieu, parfois m\u00eame exotiques, est une de ses caract\u00e9ristiques. Le de Tarbes aligne des Palmiers de Chine Trachycarpus fortunei. Pour vous informer en temps r\u00e9el : Dans les gares : Le mini-golf est souvent une activit\u00e9 que lon r\u00e9serve pour les vacances. Pourquoi ne pas inviter cette pratique au quotidien, dans le jardin, gr\u00e2ce \u00e0 ce mini-parcours constitu\u00e9 de dalles en mousse, pour une utilisation aussi bien en ext\u00e9rieur qu\u00e0 la maison. Dimensions : 240 x 40 cm. Age : d\u00e8s 3 ans. Sun Sport par King Jouet-39,99. Daniel Barbu, Philippe Borgeaud, M\u00e9lanie Lozaf et Youri Volokhnine dir, Mondes clos, cultures et jardins, CH-Gollion, Infolio, 2013, 382 p. ISBN : 978-2-88474-265-8. Il est n\u00e9cessaire de savoir p\u00e9daler, de connaitre le code de la route et davoir aucune difficult\u00e9 physique pour p\u00e9daler \u00e0 un minimum de 15 kmh. <img decoding=\"async\" src=\"http:\/\/m2-design.org\/img\/668bc4199587a5ace06641a7a64e3ddd.jpg\" alt=\"rencontre jardin et nature\" align=\"right\">, ing\u00e9nieur de Napol\u00e9on III responsable des jardins. En 2019, ces r\u00e8gles doivent \u00eatre respect\u00e9es par tous les jardiniers. Le jardin dAlbdul Gazazi Chris Van Allsburg L\u00e9cole de loisirs de Paris 301-PTC-8 Sp\u00e9cialiste de lart de vivre en ext\u00e9rieur, le cabinet de tendances CHLOROSPHERE passera en revue les influences internationales et soci\u00e9tales qui impacteront vos march\u00e9s pour les prochaines saisons. Un ptit tour dans l\u00eelot de verdure de Pierre Perret   Des mesures sanitaires de nettoyage r\u00e9guliers sont d\u00e9j\u00e0 en place, elles seront poursuivies et amplifi\u00e9es. Les transporteurs ont command\u00e9 et distribu\u00e9 les masques \u00e0 leur personnel. Pour les usagers, le port du masque est d\u00e9sormais obligatoire.<\/p>\n","protected":false},"excerpt":{"rendered":"<p>rencontre jardin et nature<\/p>\n","protected":false},"author":1,"featured_media":0,"comment_status":"closed","ping_status":"closed","sticky":false,"template":"","format":"standard","meta":{"footnotes":""},"categories":[1],"tags":[],"_links":{"self":[{"href":"http:\/\/bauclassroom.com\/info\/wp-json\/wp\/v2\/posts\/12719"}],"collection":[{"href":"http:\/\/bauclassroom.com\/info\/wp-json\/wp\/v2\/posts"}],"about":[{"href":"http:\/\/bauclassroom.com\/info\/wp-json\/wp\/v2\/types\/post"}],"author":[{"embeddable":true,"href":"http:\/\/bauclassroom.com\/info\/wp-json\/wp\/v2\/users\/1"}],"replies":[{"embeddable":true,"href":"http:\/\/bauclassroom.com\/info\/wp-json\/wp\/v2\/comments?post=12719"}],"version-history":[{"count":1,"href":"http:\/\/bauclassroom.com\/info\/wp-json\/wp\/v2\/posts\/12719\/revisions"}],"predecessor-version":[{"id":12720,"href":"http:\/\/bauclassroom.com\/info\/wp-json\/wp\/v2\/posts\/12719\/revisions\/12720"}],"wp:attachment":[{"href":"http:\/\/bauclassroom.com\/info\/wp-json\/wp\/v2\/media?parent=12719"}],"wp:term":[{"taxonomy":"category","embeddable":true,"href":"http:\/\/bauclassroom.com\/info\/wp-json\/wp\/v2\/categories?post=12719"},{"taxonomy":"post_tag","embeddable":true,"href":"http:\/\/bauclassroom.com\/info\/wp-json\/wp\/v2\/tags?post=12719"}],"curies":[{"name":"wp","href":"https:\/\/api.w.org\/{rel}","templated":true}]}}