{"id":12739,"date":"2020-10-19T09:08:18","date_gmt":"2020-10-19T09:08:18","guid":{"rendered":"http:\/\/bauclassroom.com\/info\/?p=12739"},"modified":"2020-10-08T02:17:56","modified_gmt":"2020-10-08T02:17:56","slug":"annonces-rencontre-tribune-de-geneve","status":"publish","type":"post","link":"http:\/\/bauclassroom.com\/info\/2020\/10\/19\/annonces-rencontre-tribune-de-geneve\/","title":{"rendered":"Annonces Rencontre Tribune De Geneve"},"content":{"rendered":"<p><img decoding=\"async\" src=\"http:\/\/www.fifdh.org\/media\/photos\/revue\/courrierinternational0903.pdf-1.jpg\" alt=\"annonces rencontre tribune de geneve\" align=\"center\"> Monsieur Dufey va beaucoup nous manquer! C\u00e9tait un artisan hors-pair, un vrai homme de m\u00e9tier et un commer\u00e7ant sympathique dont lenseigne mythique va laisser un grand vide. Toute ma sympathie \u00e0 sa famille et \u00e0 ses proches! Le Conseil f\u00e9d\u00e9ral a pris acte vendredi de la d\u00e9cision du D\u00e9partement f\u00e9d\u00e9ral de justice et police de rouvrir les fronti\u00e8res avec les pays de lUnion europ\u00e9enne, de lAssociation europ\u00e9enne de libre-\u00e9change et le Royaume-Uni.  Privacy Cookies: This site uses cookies. By continuing to use this website, you agree to their use. Romandie Le pic \u00e9pid\u00e9mique atteint ou non, le Conseil f\u00e9d\u00e9ral CF annonce la voie \u00e0 suivre. Elle se r\u00e9v\u00e8le inqui\u00e9tante sur louverture des \u00e9tablissements scolaires notamment. <img decoding=\"async\" src=\"http:\/\/www.hommages.ch\/Announcements\/Jpg\/086E95A8B11A08B82B39A4AEC35292FD.jpg\" alt=\"annonces rencontre tribune de geneve\" align=\"center\"> Confinement. Outre-sarine Les pessimistes pr\u00e9voient que le pire est encore \u00e0 venir Les.. Japprends cette nouvelle avec stupeur et tristesse. Catherine restera pour moi une personne marquante du milieu scolaire morgien. Depuis la retraite, jaimais la croiser au th\u00e9\u00e2tre ou \u00e0 la coquette et partager avec elle. Jean-Laurent et moi sommes de tout c\u0153ur en pens\u00e9e avec vous.  Cest officiel! Londres a signifi\u00e9 \u00e0 Bruxelles ne pas vouloir prolonger la p\u00e9riode de transition au del\u00e0 de la fin d\u00e9cembre, quelq.. Des familles et des proches des victimes du coronavirus en Italie ont d\u00e9cid\u00e9 daller en.. Le m\u00e9dia de la culture v\u00e9gane et de la cause animale-Webzine fond\u00e9 en 2013. En poursuivant votre navigation, vous acceptez lutilisation des cookies pour am\u00e9liorer votre exp\u00e9rience de navigation et r\u00e9aliser des mesures daudience. Votre adresse de messagerie ne sera pas publi\u00e9e. Les champs obligatoires sont indiqu\u00e9s avec  Il faut aimer la vie et en appr\u00e9cier chaque moment car un jour la mort nous ravit et nous emm\u00e8ne vers dautres horizons.. Cet \u00eatre qui est parti avait v\u00e9cu aupr\u00e8s de vous une foule de moments doux quil emporte avec lui dans sa nouvelle maison.. Et fr Fr\u00e9d\u00e9ric Lema\u00eetre,, 22 janvier 2008 consult\u00e9 le 23 janvier 2008. Suisse La crise sanitaire et sociale a mis en lumi\u00e8re des populations dites invisibles et en grande difficult\u00e9. La Caravane de solidarit\u00e9 et Table suisse sont en premi\u00e8re ligne pour d\u00e9fendre la vie des personnes d\u00e9munies. Apr\u00e8s avoir cr\u00e9\u00e9 sa soci\u00e9t\u00e9 de conseil aux gouvernements, Anne-Laure Kiechel a amplifi\u00e9 sa force de frappe durant.. Annonces Rencontre Tribune De Geneve avianassist.org <img decoding=\"async\" src=\"http:\/\/www.saunsdoutes.gq\/img\/stock\/AC\/AC-Cobra-Daytona%20coupe-1965-1418-1.jpg\" alt=\"annonces rencontre tribune de geneve\" align=\"left\">.<\/p>\n","protected":false},"excerpt":{"rendered":"<p>annonces rencontre tribune de geneve<\/p>\n","protected":false},"author":1,"featured_media":0,"comment_status":"closed","ping_status":"closed","sticky":false,"template":"","format":"standard","meta":{"footnotes":""},"categories":[1],"tags":[],"_links":{"self":[{"href":"http:\/\/bauclassroom.com\/info\/wp-json\/wp\/v2\/posts\/12739"}],"collection":[{"href":"http:\/\/bauclassroom.com\/info\/wp-json\/wp\/v2\/posts"}],"about":[{"href":"http:\/\/bauclassroom.com\/info\/wp-json\/wp\/v2\/types\/post"}],"author":[{"embeddable":true,"href":"http:\/\/bauclassroom.com\/info\/wp-json\/wp\/v2\/users\/1"}],"replies":[{"embeddable":true,"href":"http:\/\/bauclassroom.com\/info\/wp-json\/wp\/v2\/comments?post=12739"}],"version-history":[{"count":1,"href":"http:\/\/bauclassroom.com\/info\/wp-json\/wp\/v2\/posts\/12739\/revisions"}],"predecessor-version":[{"id":12740,"href":"http:\/\/bauclassroom.com\/info\/wp-json\/wp\/v2\/posts\/12739\/revisions\/12740"}],"wp:attachment":[{"href":"http:\/\/bauclassroom.com\/info\/wp-json\/wp\/v2\/media?parent=12739"}],"wp:term":[{"taxonomy":"category","embeddable":true,"href":"http:\/\/bauclassroom.com\/info\/wp-json\/wp\/v2\/categories?post=12739"},{"taxonomy":"post_tag","embeddable":true,"href":"http:\/\/bauclassroom.com\/info\/wp-json\/wp\/v2\/tags?post=12739"}],"curies":[{"name":"wp","href":"https:\/\/api.w.org\/{rel}","templated":true}]}}