{"id":12765,"date":"2020-10-19T18:11:35","date_gmt":"2020-10-19T18:11:35","guid":{"rendered":"http:\/\/bauclassroom.com\/info\/?p=12765"},"modified":"2020-10-08T06:37:39","modified_gmt":"2020-10-08T06:37:39","slug":"breizh-rencontres","status":"publish","type":"post","link":"http:\/\/bauclassroom.com\/info\/2020\/10\/19\/breizh-rencontres\/","title":{"rendered":"Breizh Rencontres"},"content":{"rendered":"<p> Les ateliers du Sch\u00e9ma r\u00e9gional dam\u00e9nagement, de d\u00e9veloppement durable et d\u00e9galit\u00e9 des territoires \u00e0 destination des collectivit\u00e9s territoriales, sur Coop Breizh, 1 er d\u00e9cembre 2016 consult\u00e9 le 8 d\u00e9cembre 2016 Effectuez vos pr\u00e9inscriptions aux activit\u00e9s de loisirs 20202021 du 18 mai au 19 juin et inscrivez v.. Les manifestations artistiques et culturelles depuis 1989 Voir la page Invitez des musiciens bretons chez vous ce week-end! <img decoding=\"async\" src=\"http:\/\/mleguludec.free.fr\/rgcbreizh\/photos\/20180616_RencontresRetroGaming2_Merlevenez\/articleOuestFrance_20062018web.png\" alt=\"breizh rencontres\" align=\"center\"> <img decoding=\"async\" src=\"http:\/\/www.diwan-kemperle.bzh\/wp-content\/uploads\/2017\/01\/3346_accueil.jpg\" alt=\"breizh rencontres\" align=\"right\"> Rencontres Internationales Air Sant\u00e9 le 17 septembre 2019, \u00e0 Toulouse Suivez le podcast sur les r\u00e9seaux sociaux,. Ce quapporte le flot sen retourne avec le jusant Dans une soci\u00e9t\u00e9 fonctionnant de fa\u00e7on \u00e9tanche, Bretagne Prospective met en relation les acteurs du monde politique, \u00e9conomique, de la soci\u00e9t\u00e9 civile et de la recherche universitaire des 5 d\u00e9partements bretons afin de tisser des liens et de cr\u00e9er des plus-values de ce d\u00e9cloisonnement. Tr\u00e8s rapidement BADEN, PLOEMEUR puis CORNOUAILLE nous rejoignent. Et G\u00e9rard Classe, Red Cardell. Vacances en studio pour le prochain album, 17 septembre 2009 Cidrerie Kerisac, par Laurent GUILLET Directeur Commercial In the diagram of the vectors of soft power, culture is often presented as the most obvious source of influence with foreign nations. A culture themed or flag emoji appearing on billions of cell phone keyboard carries tremendous influence and recognition especially for underrepresented cultures, communities and nations. Au premier tour toutes les \u00e9quipes Breizh Jeux seront en lice. Envoyez-nous un pour proposer un \u00e9v\u00e9nement en 2021 et devenez notre guide pour faire d\u00e9couvrir \u00e0 la communaut\u00e9 des motards vos petits coins de Paradis le temps dune journ\u00e9e ou dun weekend ; et pourquoi pas, sur un temps plus long, vos voyages au long cours \u00e0 travers la France et lEurope! En parall\u00e8le de la reTourn\u00e9e, le groupe travaille sur une nouvelle cr\u00e9ation propos\u00e9e par lassociation Tr\u00e8s T\u00f4t Th\u00e9\u00e2tre, pour les quinze ans de son festival T\u00c0T\u00c2 Th\u00e9\u00e2tre \u00c0 Tout \u00c2ge et pr\u00e9sent\u00e9e d\u00e9but juin 2016 lors dune rencontre avec les auteurs et dune partie des artistes aux ateliers du jardin du p\u00f4le culturel Max Jacob \u00e0 Quimper. 14h15 \u00e0 15h-S\u00e9bastien Pons, LInsee, un institut qui collecte et diffuse des donn\u00e9es toujours plus fines R\u00e9alis\u00e9, pour la premi\u00e8re fois, int\u00e9gralement dans le Finist\u00e8re jusqu\u00e0 leur maison de disque, bas\u00e9e \u00e0, lalbum, intitul\u00e9, contenant onze titres, sort en avril 2002 sur le tout nouveau label Avel Ouest. Distribu\u00e9 par, celui-ci conserve l\u00e9nergie que pr\u00e9sente le groupe sur sc\u00e8ne depuis dix ann\u00e9es de tourn\u00e9es. Ce dixi\u00e8me anniversaire est f\u00eat\u00e9 \u00e0, le 6 juillet, en compagnie des guitaristes, Patrice Marzin, et des groupes Sheer K, Sam Cram Band et de locaux, avant un passage, trois jours apr\u00e8s, au puis le 2 novembre au, \u00e0 Quimper. R\u00e9pondre aux questions g\u00e9n\u00e9rales sur la collectivit\u00e9s et ses politiques, A l\u00e9cart de tout, dans une r\u00e9gion des C\u00f4tes-du-Nord en difficult\u00e9, superbement isol\u00e9 \u00e0 la pointe dun \u00e9peron rocheux, le ch\u00e2teau de La Roche-Jagu a pris, depuis sa r\u00e9novation, ses objectifs historiques \u00e0 lenvers. De monument d\u00e9fensif con\u00e7u au onzi\u00e8me si\u00e8cle, il est devenu centre offensif, mais bien pacifique, dune action culturelle qui s\u00e9tend au d\u00e9partement. Lui qui se voulait repoussoir strat\u00e9gique, on en a fait le carrefour de toutes les rencontres. Et voici enfin cette forteresse interdite ouverte \u00e0 tous et qui multiplie les spectacles, colloques, stages et expositions : en un mot un centre daccueil. Le r\u00e9seau Bretagne En Sc\u00e8nes regroupe actuellement pr\u00e8s de 40 salles de spectacles. Il a pour objectifs de : mettre en relation les professionnels sur les diff\u00e9rentes \u00e9chelles de territoire intercommunalit\u00e9s, d\u00e9partement, pays, r\u00e9gion, rep\u00e9rer et valoriser les propositions artistiques r\u00e9gionales \u00e0 travers lorganisation de rencontres annuelles et soutenir la cr\u00e9ation et la diffusion par la mutualisation des moyens des salles adh\u00e9rentes au service des \u00e9quipes artistiques.  Revivez le Festidreuz 2018 sur notre page photos :\u00c2 http:www.festidreuz.frindex.phpphotos <img decoding=\"async\" src=\"http:\/\/www.breizhagrifood.bzh\/wp-content\/uploads\/2018\/07\/3-1024x572.jpg\" alt=\"breizh rencontres\" align=\"center\"> Gr\u00e2ce a son exp\u00e9rience de deux ann\u00e9es cons\u00e9cutives en tant quorganisateur de la Brest Fashion Week, Cyrille Koffi est venu renforcer l\u00e9quipe comme directeur artistique dans cette merveilleuse aventure qui sera d\u00e9sormais un rendez-vous annuel. .<\/p>\n","protected":false},"excerpt":{"rendered":"<p>breizh rencontres<\/p>\n","protected":false},"author":1,"featured_media":0,"comment_status":"closed","ping_status":"closed","sticky":false,"template":"","format":"standard","meta":{"footnotes":""},"categories":[1],"tags":[],"_links":{"self":[{"href":"http:\/\/bauclassroom.com\/info\/wp-json\/wp\/v2\/posts\/12765"}],"collection":[{"href":"http:\/\/bauclassroom.com\/info\/wp-json\/wp\/v2\/posts"}],"about":[{"href":"http:\/\/bauclassroom.com\/info\/wp-json\/wp\/v2\/types\/post"}],"author":[{"embeddable":true,"href":"http:\/\/bauclassroom.com\/info\/wp-json\/wp\/v2\/users\/1"}],"replies":[{"embeddable":true,"href":"http:\/\/bauclassroom.com\/info\/wp-json\/wp\/v2\/comments?post=12765"}],"version-history":[{"count":1,"href":"http:\/\/bauclassroom.com\/info\/wp-json\/wp\/v2\/posts\/12765\/revisions"}],"predecessor-version":[{"id":12766,"href":"http:\/\/bauclassroom.com\/info\/wp-json\/wp\/v2\/posts\/12765\/revisions\/12766"}],"wp:attachment":[{"href":"http:\/\/bauclassroom.com\/info\/wp-json\/wp\/v2\/media?parent=12765"}],"wp:term":[{"taxonomy":"category","embeddable":true,"href":"http:\/\/bauclassroom.com\/info\/wp-json\/wp\/v2\/categories?post=12765"},{"taxonomy":"post_tag","embeddable":true,"href":"http:\/\/bauclassroom.com\/info\/wp-json\/wp\/v2\/tags?post=12765"}],"curies":[{"name":"wp","href":"https:\/\/api.w.org\/{rel}","templated":true}]}}