{"id":1353,"date":"2020-09-21T19:51:24","date_gmt":"2020-09-21T19:51:24","guid":{"rendered":"http:\/\/bauclassroom.com\/info\/?p=1353"},"modified":"2020-09-19T22:01:52","modified_gmt":"2020-09-19T22:01:52","slug":"dialogue-de-rencontre","status":"publish","type":"post","link":"http:\/\/bauclassroom.com\/info\/2020\/09\/21\/dialogue-de-rencontre\/","title":{"rendered":"Dialogue De Rencontre"},"content":{"rendered":"<p>LIddri et le Centre for Clean Air Policy organisent et animent la rencontre du Dialogue am\u00e9ricain sur le climat et du Dialogue europ\u00e9en sur le climat et l\u00e9nergie. Ce Dialogue conjoint a pour objectif de d\u00e9gager les points de convergence et de divergence dans les politiques domestiques am\u00e9ricaine et europ\u00e9enne, y compris en ce qui concerne leurs effets \u00e0 l\u00e9gard des pays en d\u00e9veloppement dans la perspective des n\u00e9gociations internationales dans le cadre de la CCNUCC et dautres processus parall\u00e8les. Unitile de pour-parler chaque fois,mieux vaut imposer la paix par traque D : Bonjour, non, entrez, cest lheure de notre rendez-vous.   Remarquable par sa r\u00e9sistance sous un climat hyperaride et par sa long\u00e9vit\u00e9 d\u00e9passant les 2.000 ans pour les plus vieux sp\u00e9cimens, le cypr\u00e8s du Tassili, une esp\u00e8ce end\u00e9mique du Sahara central, est menac\u00e9 de disparition. En cause, les variations climatiques qui compliquent sa r\u00e9g\u00e9n\u00e9ration dans son habitat naturel, disent les sp\u00e9cialistes. Jusquau 20 sept. 2020 D\u00e9couvrir de laventure culturelle du loup \u00e0 travers les estampes.. \u00c9pinal Un d\u00e9tail reste cependant \u00e0 r\u00e9gler. Les managers fran\u00e7ais sinterrogent : est-il judicieux de convier \u00e0 la r\u00e9union un livreur et syndicaliste de Bordeaux, Arthur Hay, alors secr\u00e9taire du syndicat des livreurs de Gironde? Dans un mail du 6 octobre, Elie de M, manager de la filiale fran\u00e7aise, se demande sil faut linclure parmi les destinataires du mail dinvitation : Est-ce quon envoie un mail diff\u00e9rent \u00e0 Arthur Hay pour linviter \u00e0 Bordeaux avec dautres livreurs, ou on consid\u00e8re que sa pr\u00e9sence peut nous \u00eatre utile, car ses demandes sont extr\u00eames et discr\u00e9ditent les livreurs? Les informations contenues dans les cookies ne visent pas \u00e0 vous identifier personnellement et nous en contr\u00f4lons pleinement les donn\u00e9es qui restent enti\u00e8reme. Ces cookies ne sont jamais utilis\u00e9s \u00e0 dautres fins que celles indiqu\u00e9es ici. Une autre p\u00e9riode de vie souvre devant vous, que vous aimeriez tout aussi f\u00e9conde, peut-\u00eatre m\u00eame plus encore. Petit trait\u00e9 de la rencontre et du dialogue de Pierre Claverie-Les Editions du cerf Je suis heureux de rappeler ce que Sa Majest\u00e9 le Roi Mohammed VI a dit le 30 mars 2019 lors de la visite du Souverain Pontife au Maroc : La spiritualit\u00e9 nest pas une fin en soi. Notre Foi se traduit en actions concr\u00e8tes. Elle nous apprend \u00e0 aimer notre prochain. Elle nous apprend \u00e0 laider, a dit le cardinal Ayuso Guixot, en faisant le lien entre ces paroles et la situation actuelle de pand\u00e9mie que connait le monde qui exige, plus que jamais, entraide et solidarit\u00e9 entre les peuples et les nations. Vous recevrez \u00e0 partir de maintenant, sur votre e-mail, toutes les alertes de surveillance pour la soci\u00e9t\u00e9. <img decoding=\"async\" src=\"http:\/\/rampok.org\/img\/66e24b67ba8c7a50c6d0995beedfa12d.jpg\" alt=\"dialogue de rencontre\" align=\"center\"> Je pense aux bombardements, au bruit des avions qui tournent dans le ciel et qui mont caus\u00e9 des moments de grande frayeur se souvient Annie Ernaux au d\u00e9but de sa longue et belle conversation avec Eric Fottorino qui ouvre le dernier num\u00e9ro de la revue Zadig intitul\u00e9 Heureux comme Dieux en France?. <img decoding=\"async\" src=\"http:\/\/www.eljadida-bouge.com\/img\/events\/rencontre-mostafa-daoudia-eljadida-bouge.jpg\" alt=\"dialogue de rencontre\" align=\"center\"> Organisez votre \u00e9v\u00e9nement r\u00e9union, s\u00e9minaire, formation, conf\u00e9rence, retraite dans un cadre historique et inspirant : le Centre de conf\u00e9rences et de s\u00e9minaires de Caux. Nous avons aussi cr\u00e9\u00e9 un collectif daccueil pour les r\u00e9fugi\u00e9s et, comme nous disposons dun appartement dans le centre, nous avons h\u00e9berg\u00e9 trois familles, signale la pr\u00e9sidente.  Extraits et guides gratuits sur les fonds europ\u00e9ens 1 journ\u00e9e interactive de 8h45 \u00e0 17h30 3 tables-rondes pour d\u00e9battre des grands enjeux du dialogue social votre num\u00e9ro dabonn\u00e9 dans les param\u00e8tres de cr\u00e9ation de compte. Le dialogue social europ\u00e9en est important car la concurrence entre sites de production ne doit pas se faire unilat\u00e9ralement au d\u00e9triment des travailleurs. <img decoding=\"async\" src=\"http:\/\/www.reseauecocitoyen.org\/wp-content\/uploads\/2018\/04\/writing-dialogue-300x240-300x240.jpg\" alt=\"dialogue de rencontre\" align=\"right\">.<\/p>\n","protected":false},"excerpt":{"rendered":"<p>dialogue de rencontre<\/p>\n","protected":false},"author":1,"featured_media":0,"comment_status":"closed","ping_status":"closed","sticky":false,"template":"","format":"standard","meta":{"footnotes":""},"categories":[1],"tags":[],"_links":{"self":[{"href":"http:\/\/bauclassroom.com\/info\/wp-json\/wp\/v2\/posts\/1353"}],"collection":[{"href":"http:\/\/bauclassroom.com\/info\/wp-json\/wp\/v2\/posts"}],"about":[{"href":"http:\/\/bauclassroom.com\/info\/wp-json\/wp\/v2\/types\/post"}],"author":[{"embeddable":true,"href":"http:\/\/bauclassroom.com\/info\/wp-json\/wp\/v2\/users\/1"}],"replies":[{"embeddable":true,"href":"http:\/\/bauclassroom.com\/info\/wp-json\/wp\/v2\/comments?post=1353"}],"version-history":[{"count":1,"href":"http:\/\/bauclassroom.com\/info\/wp-json\/wp\/v2\/posts\/1353\/revisions"}],"predecessor-version":[{"id":1354,"href":"http:\/\/bauclassroom.com\/info\/wp-json\/wp\/v2\/posts\/1353\/revisions\/1354"}],"wp:attachment":[{"href":"http:\/\/bauclassroom.com\/info\/wp-json\/wp\/v2\/media?parent=1353"}],"wp:term":[{"taxonomy":"category","embeddable":true,"href":"http:\/\/bauclassroom.com\/info\/wp-json\/wp\/v2\/categories?post=1353"},{"taxonomy":"post_tag","embeddable":true,"href":"http:\/\/bauclassroom.com\/info\/wp-json\/wp\/v2\/tags?post=1353"}],"curies":[{"name":"wp","href":"https:\/\/api.w.org\/{rel}","templated":true}]}}