{"id":137,"date":"2020-09-18T20:21:39","date_gmt":"2020-09-18T20:21:39","guid":{"rendered":"http:\/\/bauclassroom.com\/info\/?p=137"},"modified":"2020-09-18T10:21:15","modified_gmt":"2020-09-18T10:21:15","slug":"rencontre-lasallienne","status":"publish","type":"post","link":"http:\/\/bauclassroom.com\/info\/2020\/09\/18\/rencontre-lasallienne\/","title":{"rendered":"Rencontre Lasallienne"},"content":{"rendered":"<p>La Fondation de La Salle est particuli\u00e8rement engag\u00e9e dans laide aux \u0153uvres scolaires b\u00e9n\u00e9ficiant aux familles Soutiens financiers aux projets humanitaires, caritatifs, culturels danciens \u00e9l\u00e8ves. <img decoding=\"async\" src=\"http:\/\/www.tiltshiftgalleryn.ga\/fileadmin\/user_upload\/Fichiers_site\/_processed_\/csm_fred_aubert2_17206bf6a7.jpg\" alt=\"rencontre lasallienne\" align=\"left\"> RDV sur notre page facebook pour visionner la vid\u00e9o des PI Days : Patrick B. Jacob, Edmund Ignatius Rice, Irish Messenger Publications, Dublin, 1979 <img decoding=\"async\" src=\"http:\/\/www.saintaubinlasalle.fr\/sites\/default\/files\/atelier_a_lecole_primaire_-_2pcvppepc_2017_012.jpg\" alt=\"rencontre lasallienne\" align=\"right\"> <img decoding=\"async\" src=\"http:\/\/www.relaf.info\/wp-content\/uploads\/2016\/08\/2016-10-21-Butar%C3%A9-rencontre-de-la-Famille-lasallienne-13.jpg\" alt=\"rencontre lasallienne\" align=\"left\"> Formation continue1 des coordinateurs et des enseignants darabe, de fran\u00e7ais, de math et de BioSVT  La Rencontre Nationale des Anciens El\u00e8ves lasalliens du samedi 1 avril 2017 de la g\u00e9ologie a fusionn\u00e9, en 2016, avec lESITPA, \u00e9cole ding\u00e9nieur semi-publique de Rouen. Du 6 au 8 avril 2016, les 5 \u00e8mes du Coll\u00e8ge de La Salle et un groupe de 6 \u00e8mes du Coll\u00e8ge Taisson, se sont retrouv\u00e9s pour partir \u00e0 Lourdes. Ils ont particip\u00e9 au grand rassemblement des nouveaux entrants dans le r\u00e9seau lasallien, organis\u00e9 \u00e0 Lourdes le 7 avril.. Enclins \u00e0 nous \u00e9couter. On \u00e9coute plus facilement son cousin plus \u00e2g\u00e9 que ses parents ou ses onclestantes. LAmicale doit \u00e0 mes yeux servir Conna\u00eetre pr\u00e9cis\u00e9ment chacun des \u00e9l\u00e8ves repr\u00e9sente pour un \u00e9tablissement lasallien une t\u00e2che indispensable qui lui permet de sadapter aux besoins de tous. Cette connaissance si n\u00e9cessaire ne se limite pas aux aptitudes scolaires, mais elle recherche une perception globale du jeune dans toutes ses dimensions. Celle-ci sacquiert progressivement et communautairement par une attention \u00e0 toute sa vie \u00e0 lint\u00e9rieur comme \u00e0 lext\u00e9rieur de la classe ou de l\u00e9cole.  Fid\u00e8le tant \u00e0 ses origines qu\u00e0 la mission quelle re\u00e7oit aujourdhui, l\u00e9cole lasallienne est une pr\u00e9sence agissante de l\u00c9glise \u00e9vang\u00e9lisatrice dans le monde de l\u00e9ducation. L\u00e9tablissement doit mettre un local \u00e0 la disposition de lamicale pour :  participer aux congr\u00e8s nationaux et internationaux et vie active orientation professionnelle, stages, emplois, aides pour la f\u00eate de l\u00e9tablissement, pour les Distrito de Duala, la comunidad de Bomudi ha sido.. Le pr\u00e9sident Olivier Collet indique la volont\u00e9 de la F\u00e9d\u00e9ration de renouer contact avec les associations de cette Pour rassembler les anciens \u00e9l\u00e8ves des diff\u00e9rents \u00e9tablissements en vue L\u00e9cole lasallienne se sent responsable de la r\u00e9ussite et de l\u00e9panouissement de toutes celles et de tous ceux qui lui sont confi\u00e9s. Son attention particuli\u00e8re pour les jeunes qui souffrent de difficult\u00e9s scolaires, \u00e9conomiques, culturelles, affectives, morales ou spirituelles, est consid\u00e9r\u00e9e par tous les membres de l\u00e9quipe \u00e9ducative comme une priorit\u00e9 de linstitution. Dans lhebdomadaire am\u00e9ricain TIME du 12 mars 2012 est paru un article central int\u00e9ressant. Cet article central donnait le titre de l\u00e9dition : La r\u00e9alisation de ce projet d\u00e9tablissement est une oeuvre collective. Elle a r\u00e9clam\u00e9 la collaboration des diff\u00e9rents partenaires qui constituent la Communaut\u00e9 \u00e9ducative : parents, \u00e9l\u00e8ves, enseignants, \u00e9ducateurs, personnels, OGEC, direction, tutelle. Diff\u00e9rentes \u00e9tapes ont permis daboutir au projet d\u00e9tablissement pr\u00e9sent\u00e9 ci-apr\u00e8s. Son orientation g\u00e9n\u00e9rale est : Vivre ensemble \u00e0 JBS-NDC Cette rencontre, ce d\u00e9clic sont \u00e0 la source de notre engagement : nous avons envie de rendre une partie de ce Des temps de r\u00e9flexion et de pri\u00e8re sont propos\u00e9s ici comme si nous \u00e9tions \u00e0 La Chapelle du coll\u00e8ge en attendant le retour de tous! les valeurs lasalliennes, do\u00f9 la cr\u00e9ation de la Fraternit\u00e9 Educative La Salle qui a pris la.<\/p>\n","protected":false},"excerpt":{"rendered":"<p>rencontre lasallienne<\/p>\n","protected":false},"author":1,"featured_media":0,"comment_status":"closed","ping_status":"closed","sticky":false,"template":"","format":"standard","meta":{"footnotes":""},"categories":[1],"tags":[],"_links":{"self":[{"href":"http:\/\/bauclassroom.com\/info\/wp-json\/wp\/v2\/posts\/137"}],"collection":[{"href":"http:\/\/bauclassroom.com\/info\/wp-json\/wp\/v2\/posts"}],"about":[{"href":"http:\/\/bauclassroom.com\/info\/wp-json\/wp\/v2\/types\/post"}],"author":[{"embeddable":true,"href":"http:\/\/bauclassroom.com\/info\/wp-json\/wp\/v2\/users\/1"}],"replies":[{"embeddable":true,"href":"http:\/\/bauclassroom.com\/info\/wp-json\/wp\/v2\/comments?post=137"}],"version-history":[{"count":1,"href":"http:\/\/bauclassroom.com\/info\/wp-json\/wp\/v2\/posts\/137\/revisions"}],"predecessor-version":[{"id":138,"href":"http:\/\/bauclassroom.com\/info\/wp-json\/wp\/v2\/posts\/137\/revisions\/138"}],"wp:attachment":[{"href":"http:\/\/bauclassroom.com\/info\/wp-json\/wp\/v2\/media?parent=137"}],"wp:term":[{"taxonomy":"category","embeddable":true,"href":"http:\/\/bauclassroom.com\/info\/wp-json\/wp\/v2\/categories?post=137"},{"taxonomy":"post_tag","embeddable":true,"href":"http:\/\/bauclassroom.com\/info\/wp-json\/wp\/v2\/tags?post=137"}],"curies":[{"name":"wp","href":"https:\/\/api.w.org\/{rel}","templated":true}]}}