{"id":1377,"date":"2020-09-21T14:00:07","date_gmt":"2020-09-21T14:00:07","guid":{"rendered":"http:\/\/bauclassroom.com\/info\/?p=1377"},"modified":"2020-09-19T22:27:13","modified_gmt":"2020-09-19T22:27:13","slug":"rencontre-brel-brassens","status":"publish","type":"post","link":"http:\/\/bauclassroom.com\/info\/2020\/09\/21\/rencontre-brel-brassens\/","title":{"rendered":"Rencontre Brel Brassens"},"content":{"rendered":"<p> En juin cohabitent les concerts retransmis via les \u00e9crans et timidement, quelques concerts en Chaque num\u00e9ro du Nouveau Magazine litt\u00e9raire est compl\u00e9t\u00e9 darticles en acc\u00e8s libre \u00e0 lire sur ce site internet. Tel est largument du spectacle propos\u00e9, par la compagnie lActe Chanson. Avec sur sc\u00e8ne : Marine Desola, Herv\u00e9 Tirefort, Patrick Hannais et Jacques Palli\u00e8s, porteurs indiff\u00e9remment tous les quatre des chansons des trois grands cr\u00e9ateurs et de quelques propos imagin\u00e9s entre eux. 20h30 le samedi a r\u00e9uni Thomas Dutronc, qui se consid\u00e8re comme un h\u00e9ritier de Brassens et Joel Favreau lancien guitariste de lartiste. <img decoding=\"async\" src=\"http:\/\/tmx0048011360.tk\/wp-content\/uploads\/2018\/07\/Lunch17_Busy-014-1000x400.jpg\" alt=\"rencontre brel brassens\" align=\"left\"> <img decoding=\"async\" src=\"http:\/\/idata.over-blog.com\/0\/60\/04\/49\/BIOGRAPHIE\/Annees-50\/BREL33875-jacques-brel-637x0-1.jpg\" alt=\"rencontre brel brassens\" align=\"left\"> L\u00e9quipe de cette agence est compos\u00e9e de grand professionnels comp\u00e9tents qui mont aid\u00e9 \u00e0 vendre mon appartement parisien tr\u00e8s rapidement. Tous les rendez-vous de visites ont \u00e9t\u00e9 d\u00fbment organis\u00e9s et communiqu\u00e9s, l\u00e9quipe ma aussi aussi donn\u00e9 de pr\u00e9cieux conseils dexperts pour vendre au mieux-et en plus ils sont sympathiques! \u00c9coutant Fernande de, hobbies de vieux, je me souviens toujours de ce vin. Brel Brassens Ferr\u00e9 une rencontre au sommet in\u00e9dite un G3 1 Acheter un bien immobilier ne se d\u00e9cide pas \u00e0 la l\u00e9g\u00e8re. Quelles sont les tendances du march\u00e9? <img decoding=\"async\" src=\"http:\/\/www.brassens-festivalvaisonlaromaine.eu\/images\/sampledata\/fbvlr\/2018\/artistes\/trihoreau_grange.jpg\" alt=\"rencontre brel brassens\" align=\"center\"> Les informations recueillies par ce formulaire font lobjet dun traitement informatique \u00e0 destination de Reworld Media Magazines etou ses partenaires et prestataires afin de pouvoir envoyer les bons plans et offres promotionnelles.  Festival ROCKTAMBULE : 3 jours au c\u0153ur des musiques actuelles! Au lendemain de la demi-finale du Tremplin de la chanson, au Forum L\u00e9o-Ferr\u00e9, lami Jean Dubois publiait sur un r\u00e9seau social o\u00f9 nous aimons palabrer une En, Sam Alpha consacre trois albums de 14 titres adapt\u00e9s de l\u0153uvre de Georges Brassens de 1997 \u00e0 2000. FERR\u00c9 : Non on est des chanteurs. Parce que si on navait pas de voix, on ne pourrait pas se produire. Parce que si navais pas de voix, toi Georges ou toi Jacques, tu n\u00e9crirais pas et moi non plus  La Tour des miracles, \u00c9ditions des Jeunes Auteurs R\u00e9unis JAR, Paris 1953. Nombreuses r\u00e9\u00e9ditions, dont : Stock, 1968 ; 10-18 Presses de la Cit\u00e9, 1974 ; Stock, 1991 ; Jai LuLibrio, 2010. Autoplay When autoplay is enabled, a suggested video will automatically play next.<\/p>\n","protected":false},"excerpt":{"rendered":"<p>rencontre brel brassens<\/p>\n","protected":false},"author":1,"featured_media":0,"comment_status":"closed","ping_status":"closed","sticky":false,"template":"","format":"standard","meta":{"footnotes":""},"categories":[1],"tags":[],"_links":{"self":[{"href":"http:\/\/bauclassroom.com\/info\/wp-json\/wp\/v2\/posts\/1377"}],"collection":[{"href":"http:\/\/bauclassroom.com\/info\/wp-json\/wp\/v2\/posts"}],"about":[{"href":"http:\/\/bauclassroom.com\/info\/wp-json\/wp\/v2\/types\/post"}],"author":[{"embeddable":true,"href":"http:\/\/bauclassroom.com\/info\/wp-json\/wp\/v2\/users\/1"}],"replies":[{"embeddable":true,"href":"http:\/\/bauclassroom.com\/info\/wp-json\/wp\/v2\/comments?post=1377"}],"version-history":[{"count":1,"href":"http:\/\/bauclassroom.com\/info\/wp-json\/wp\/v2\/posts\/1377\/revisions"}],"predecessor-version":[{"id":1378,"href":"http:\/\/bauclassroom.com\/info\/wp-json\/wp\/v2\/posts\/1377\/revisions\/1378"}],"wp:attachment":[{"href":"http:\/\/bauclassroom.com\/info\/wp-json\/wp\/v2\/media?parent=1377"}],"wp:term":[{"taxonomy":"category","embeddable":true,"href":"http:\/\/bauclassroom.com\/info\/wp-json\/wp\/v2\/categories?post=1377"},{"taxonomy":"post_tag","embeddable":true,"href":"http:\/\/bauclassroom.com\/info\/wp-json\/wp\/v2\/tags?post=1377"}],"curies":[{"name":"wp","href":"https:\/\/api.w.org\/{rel}","templated":true}]}}