{"id":143,"date":"2020-09-18T15:44:13","date_gmt":"2020-09-18T15:44:13","guid":{"rendered":"http:\/\/bauclassroom.com\/info\/?p=143"},"modified":"2020-09-18T10:28:05","modified_gmt":"2020-09-18T10:28:05","slug":"mecenat-et-management-une-rencontre-insolite","status":"publish","type":"post","link":"http:\/\/bauclassroom.com\/info\/2020\/09\/18\/mecenat-et-management-une-rencontre-insolite\/","title":{"rendered":"M\u00e9c\u00e9nat Et Management Une Rencontre Insolite"},"content":{"rendered":"<p>Lanc\u00e9 en 2006 par lagence dinformation, Graines de Changement, Campus Responsables est le r\u00e9seau des universit\u00e9s et des grandes \u00e9coles qui sengagent \u00e0 mettre en oeuvre le d\u00e9veloppement durable au quotidien dans leurs activit\u00e9s, avec 42 campus-Il pilote en 2010 et 2011 deux missions au Br\u00e9sil et r\u00e9dige deux rapports concernant le projet dune plateforme internationale pour le d\u00e9veloppement des Politiques Culturelles Br\u00e9siliennes. Il sagissait de r\u00e9pondre \u00e0 la question PPE, loi \u00e9nergie : les orientations \u00e9nerg\u00e9tiques fran\u00e7aises sont-elles \u00e0 la hauteur de lAccord de Paris sur le climat?.. A voir 21 solutions pour demain : cest quoi le r\u00e9f\u00e9rentiel TKBlue? Pour son quatri\u00e8me Rendez-vous d\u00e9di\u00e9 aux Plans climat territoriaux, le Comit\u00e9 21 a abord\u00e9 les questions de ladaptation au changement climatique et de vuln\u00e9rabilit\u00e9 des territoires, deux th\u00e8mes tr\u00e8s peu abord\u00e9s \u00e0 ce jour dans les Plans climat existan Dans cette p\u00e9riode de crise, Jennifer De Temmerman, d\u00e9put\u00e9e du Nord, et Alain Dubois, pr\u00e9sident des acteurs r\u00e9gionaux du d\u00e9veloppement durable et adh\u00e9rent citoyen du Comit\u00e9 21, ont lanc\u00e9 un cycle de visioconf\u00e9rences Les Rendez-vous de la Transition.. Vescia, R. 1987, Le m\u00e9c\u00e9nat : art de la communication, communication de lArt, Paris, Economica. Dans la vie des affaires daujourdhui, la justice p\u00e9nale et la justice civile tiennent une place de plus en plus visible. Face \u00e0 cette menace, et aux scandales qui ont marqu\u00e9 lopinion ces derni\u00e8res ann\u00e9es, les entreprises \u00e9noncent des r\u00e8gles, cr\u00e9ent des chartes ou des proc\u00e9dures internes de dialogue pour que les choix soient plus \u00e9thiques. Mais les d\u00e9clarations vertueuses peuvent rester incantatoires tant quon narrive pas \u00e0 peser sur les m\u00e9canismes qui conduisent aux d\u00e9rives, et dabord \u00e0 mieux les comprendre. Nouvelle \u00e9dition du prix EpE Metronews Climat-\u00e9nergie : quelle action pour votre commune? <img decoding=\"async\" src=\"http:\/\/www.period.giftsfromsd.com\/wp-content\/uploads\/2018\/04\/2K6A0261.jpg\" alt=\"m\u00e9c\u00e9nat et management une rencontre insolite\" align=\"center\">  Retour sur investissement de la RSE : mythe ou r\u00e9alit\u00e9? d\u00e9bat organis\u00e9 par le Comit\u00e9 21 et Bpifrance PLANETE BUREAU, la web s\u00e9rie \u00e0 \u00e9nergie positive pour le d\u00e9veloppement durable au bureau La 9\u00e8me Universit\u00e9 d\u00e9t\u00e9 du Luberon de la communication pour le d\u00e9veloppement durable, organis\u00e9e par ACIDD en partenariat avec le Comit\u00e9 21, change de lieu et ouvrira ses portes les 30 et 31 ao\u00fbt 2011 au Ch\u00e2teau de la Tour dAigues pr\u00e8s dAix-en-Provence. En cl\u00f4ture du SIATI, CDB sest vu remettre un Troph\u00e9e dOr pour lam\u00e9nagement des nouveaux locaux du courtier g\u00e9n\u00e9raliste en assurances SATEC Une.. Pour r\u00e9pondre \u00e0 cette question, il est essentiel de distinguer deux aspects de lid\u00e9e de libert\u00e9 : la libert\u00e9 politique dune part, et la libert\u00e9 m\u00e9taphysique dautre part. En 1998, la DRAC dIle-de-France le nomme responsable de lam\u00e9nagement musical de la ville nouvelle de S\u00e9nart dans le cadre dune convention triennale de d\u00e9veloppement culturel. Il d\u00e9veloppe alors un important volet en faveur du soutien aux pratiques amateurs. Rencontre-d\u00e9bat du 30 avril avec Bruno Lechevin, Pr\u00e9sident de lADEME Comme le montrent les exemples du Limousin, dIle-de-France \u03bc\u03bf\u03bd\u03b1\u03c3\u03c4\u03b7\u03c1\u03b9\u03b1\u03ba\u03b5\u03c2 \u03c3\u03c5\u03bd\u03c4\u03b1\u03b3\u03b5\u03c2 \u03b2\u03b9\u03b2\u03bb\u03b9\u03bf \u0391\u03c1. \u0388\u03c1\u03b3\u03bf\u03c5: \u03bc\u03b1\u03c1\u03b9\u03b1\u03bd\u03bf \u03bd\u03c4\u03b9 \u03b2\u03b1\u03b9\u03bf \u03b5\u03bb\u03bb\u03b1\u03b4\u03b1 13275 2020-Business Cool est la propri\u00e9t\u00e9 du groupe m\u00e9dia tech 2Empower.  <img decoding=\"async\" src=\"http:\/\/more.wfcrimewatch.com\/upload\/news\/first\/5b7a86618291f9.05868456.jpg\" alt=\"m\u00e9c\u00e9nat et management une rencontre insolite\" align=\"center\"> <img decoding=\"async\" src=\"http:\/\/www.meniiscus.ga\/fileadmin\/_processed_\/csm_100_taureaux_8e0e414da4.jpg\" alt=\"m\u00e9c\u00e9nat et management une rencontre insolite\" align=\"right\"> .<\/p>\n","protected":false},"excerpt":{"rendered":"<p>m\u00e9c\u00e9nat et management une rencontre insolite<\/p>\n","protected":false},"author":1,"featured_media":0,"comment_status":"closed","ping_status":"closed","sticky":false,"template":"","format":"standard","meta":{"footnotes":""},"categories":[1],"tags":[],"_links":{"self":[{"href":"http:\/\/bauclassroom.com\/info\/wp-json\/wp\/v2\/posts\/143"}],"collection":[{"href":"http:\/\/bauclassroom.com\/info\/wp-json\/wp\/v2\/posts"}],"about":[{"href":"http:\/\/bauclassroom.com\/info\/wp-json\/wp\/v2\/types\/post"}],"author":[{"embeddable":true,"href":"http:\/\/bauclassroom.com\/info\/wp-json\/wp\/v2\/users\/1"}],"replies":[{"embeddable":true,"href":"http:\/\/bauclassroom.com\/info\/wp-json\/wp\/v2\/comments?post=143"}],"version-history":[{"count":1,"href":"http:\/\/bauclassroom.com\/info\/wp-json\/wp\/v2\/posts\/143\/revisions"}],"predecessor-version":[{"id":144,"href":"http:\/\/bauclassroom.com\/info\/wp-json\/wp\/v2\/posts\/143\/revisions\/144"}],"wp:attachment":[{"href":"http:\/\/bauclassroom.com\/info\/wp-json\/wp\/v2\/media?parent=143"}],"wp:term":[{"taxonomy":"category","embeddable":true,"href":"http:\/\/bauclassroom.com\/info\/wp-json\/wp\/v2\/categories?post=143"},{"taxonomy":"post_tag","embeddable":true,"href":"http:\/\/bauclassroom.com\/info\/wp-json\/wp\/v2\/tags?post=143"}],"curies":[{"name":"wp","href":"https:\/\/api.w.org\/{rel}","templated":true}]}}