{"id":1499,"date":"2020-09-21T09:43:41","date_gmt":"2020-09-21T09:43:41","guid":{"rendered":"http:\/\/bauclassroom.com\/info\/?p=1499"},"modified":"2020-09-20T01:23:03","modified_gmt":"2020-09-20T01:23:03","slug":"programme-rencontre-de-la-photo-arles","status":"publish","type":"post","link":"http:\/\/bauclassroom.com\/info\/2020\/09\/21\/programme-rencontre-de-la-photo-arles\/","title":{"rendered":"Programme Rencontre De La Photo Arles"},"content":{"rendered":"<p>La 50\u00e8me \u00e9dition des Rencontres dArles est d\u00e9di\u00e9e aux fondateurs du festival Lucien Clergue, Michel Tournier et Jean-Maurice Rouquette. Bouche du rhone, plan de campagne, la valentine, 13, aix en provence, gignac la nerthe, fos sur mer, septeme, miramas, lan\u00e7on de provence, la fare les oliviers, rognac, Financement possible dans le cadre de la formation professionnelle continue DIF. <img decoding=\"async\" src=\"http:\/\/www.drawingwithpixels.com\/wp-content\/uploads\/2010\/08\/Leaf-close-up-Arles-01-Ludwig-Haskins.jpg\" alt=\"programme rencontre de la photo arles\" align=\"left\">  Le Festival de La Nuit de lErdre, qui devait se tenir du 26 au 28 juin \u00e0 Nort-sur-Erdre. Do\u00f9 cette s\u00e9lection personnelle et subjective de cinq expositions parmi la cinquantaine propos\u00e9e tout l\u00e9t\u00e9, \u00e0 effectuer dans lordre propos\u00e9 pour optimiser ses d\u00e9placements et limiter \u00e0 deux ou trois les arr\u00eats en terrasse pour se d\u00e9salt\u00e9rer. Visionnez la vid\u00e9o comment sinscrire sur Parcoursup pour en apprendre plus <img decoding=\"async\" src=\"http:\/\/www.aestheticamagazine.com\/wp-content\/uploads\/2015\/07\/69345a79-7a0b-41a4-95a3-4386fd03bab2-2060x1236.jpeg\" alt=\"programme rencontre de la photo arles\" align=\"right\"> Abonnez-vous pour un acc\u00e8s complet \u00e0 de L\u0152il de la Photographie! Des milliers dimages et darticles, documentant lhistoire de la photographie et son \u00e9volution au cours des derni\u00e8res d\u00e9cennies, \u00e0 travers un journal quotidien unique. Promenade Argentine :,,, Promenade rock :,, I am a clich\u00e9, \u00c9chos de lesth\u00e9tique punk,,,,, Destroy All Monsters,,,,, Belle journ\u00e9e en perspective,,,, Promenade argentique :, Shoot! La photographie existentielle, Chambres claires, notes sur la photographie, Polaroid en p\u00e9ril,, Des photographes en autoportraits, o\u00f9 sont-ils, Promenade avec les amis de la Fondation Luma : FischliWeiss, Luke FowlerPeter Hutton, Prix D\u00e9couverte 2010, Artistes pr\u00e9sent\u00e9s par Tom Eccles, Anne Colier, Liz Deschenes, Roe Ethridge, Artistes pr\u00e9sent\u00e9s par Liam Gillick, Marlo Pascual, Gilad Ratman, Solmaz Shahbazi, Artistes pr\u00e9sent\u00e9s par Hans Ulrich Obrist Philippe Parreno, Hans Peter Feldmann, Shannon Ebner, Kazuo Shinohara, Taryn Simon, Trisha Donnelly, Darius Khondji, Artistes pr\u00e9sent\u00e9s par Beatrix Ruf, Annette Kelm, Elad Lassry, Leigh Ledare, Prix du livre dauteur et prix du livre historique 2010, Promenade des passages de t\u00e9moins : Un parcours dans la collection de, France 14, ReGeneration2, Paolo Woods, ENSP promotion 2010, SFR jeunes talents, Lea Golda Holterman, Hors promenade : No Scoop, T\u00e9l\u00e9rama culture couverture, Ivan Mikhailov, Des clics et des classes, Marcher-cr\u00e9er,, 1950-2010 : Picto a 60 ans, Fran\u00e7ois Deladerri\u00e8re, Galerie Vu, Fran\u00e7ois Halard, Un peu comme lorsquil r\u00e9alisa luniforme des h\u00f4tesses dAir France ou lhabillage des voitures du TGV  avec le service orientation de mon \u00e9tablissement si je suis \u00e9tudiant Hubert V\u00e9drine, pr\u00e9sident des Rencontres dArles, vient de communiquer sur les prochaines 51 es Rencontres dArles. A cette occasion, il a lanc\u00e9 un appel \u00e0 candidatures pour le poste de directeur des rencontres, Sam Stourdz\u00e9, en poste depuis 2014, ayant \u00e9t\u00e9 nomm\u00e9 \u00e0 la direction de lAcad\u00e9mie de France \u00e0 Rome, Villa M\u00e9dicis. Un mois pour candidater <img decoding=\"async\" src=\"http:\/\/www.irma.asso.fr\/local\/cache-vignettes\/L250xH254\/logo-18-1dc8a.png\" alt=\"programme rencontre de la photo arles\" align=\"right\"> Pour \u00eatre inform\u00e9 des derniers articles, inscrivez vous : Lactualit\u00e9 juridique et \u00e9conomique de lH\u00e9rault toutes les semaines dans votre boite mail.  Reprise des spectacles : Les Sud \u00e0 Arles annul\u00e9, Nuit Europ\u00e9enne des Mus\u00e9es repouss\u00e9e Signaler une erreurEn cas derreur sur cette page, cliquer Le concours Travel Photographer of The Year TPOTY a d\u00e9voil\u00e9 les photographies gagnantes de son \u00e9dition 2019. Le jury a d\u00e9cern\u00e9 son grand prix \u00e0 une Espagnole, Katy Gomez Catalina..<\/p>\n","protected":false},"excerpt":{"rendered":"<p>programme rencontre de la photo arles<\/p>\n","protected":false},"author":1,"featured_media":0,"comment_status":"closed","ping_status":"closed","sticky":false,"template":"","format":"standard","meta":{"footnotes":""},"categories":[1],"tags":[],"_links":{"self":[{"href":"http:\/\/bauclassroom.com\/info\/wp-json\/wp\/v2\/posts\/1499"}],"collection":[{"href":"http:\/\/bauclassroom.com\/info\/wp-json\/wp\/v2\/posts"}],"about":[{"href":"http:\/\/bauclassroom.com\/info\/wp-json\/wp\/v2\/types\/post"}],"author":[{"embeddable":true,"href":"http:\/\/bauclassroom.com\/info\/wp-json\/wp\/v2\/users\/1"}],"replies":[{"embeddable":true,"href":"http:\/\/bauclassroom.com\/info\/wp-json\/wp\/v2\/comments?post=1499"}],"version-history":[{"count":1,"href":"http:\/\/bauclassroom.com\/info\/wp-json\/wp\/v2\/posts\/1499\/revisions"}],"predecessor-version":[{"id":1500,"href":"http:\/\/bauclassroom.com\/info\/wp-json\/wp\/v2\/posts\/1499\/revisions\/1500"}],"wp:attachment":[{"href":"http:\/\/bauclassroom.com\/info\/wp-json\/wp\/v2\/media?parent=1499"}],"wp:term":[{"taxonomy":"category","embeddable":true,"href":"http:\/\/bauclassroom.com\/info\/wp-json\/wp\/v2\/categories?post=1499"},{"taxonomy":"post_tag","embeddable":true,"href":"http:\/\/bauclassroom.com\/info\/wp-json\/wp\/v2\/tags?post=1499"}],"curies":[{"name":"wp","href":"https:\/\/api.w.org\/{rel}","templated":true}]}}