{"id":1517,"date":"2020-09-21T17:14:47","date_gmt":"2020-09-21T17:14:47","guid":{"rendered":"http:\/\/bauclassroom.com\/info\/?p=1517"},"modified":"2020-09-20T01:59:31","modified_gmt":"2020-09-20T01:59:31","slug":"festival-rencontres-et-racines-a-audincourt-le-23-juin","status":"publish","type":"post","link":"http:\/\/bauclassroom.com\/info\/2020\/09\/21\/festival-rencontres-et-racines-a-audincourt-le-23-juin\/","title":{"rendered":"Festival Rencontres Et Racines \u00c0 Audincourt Le 23 Juin"},"content":{"rendered":"<p>Usines de Guerre, exposition comm\u00e9morative du centenaire de lArmistice de 1918 Au mus\u00e9e de lAventure PEUGEOT r\u00e9alis\u00e9e par le Centre dArchives de Terre Blanche Novembre 2018 Influence populaires de barcelone, leur popularit\u00e9 grandissante et sans conteste anim\u00e9es <img decoding=\"async\" src=\"http:\/\/lemagalire.fr\/wp-content\/uploads\/2015\/11\/P4197808-1024x768.jpg\" alt=\"festival rencontres et racines \u00e0 audincourt le 23 juin\" align=\"right\"> Au rayon rock francophone inspir\u00e9, crions Aline au Natala et passons une nuit Fauve aux Eurock\u00e9ennes avec un groupe d\u00e9sabus\u00e9, un peu bizarre, un peu Blizzard, digne h\u00e9ritier de Diabologum ou de Mendelson. Le propos est cru et les textes sont crach\u00e9s au visage Au Festival des M\u00f4mes, les enfants choisissent entre diff\u00e9rentes animations adapt\u00e9es \u00e0 toutes les tranches d\u00e2ge et \u00e0 tous les go\u00fbts : des spectacles, des ateliers et des espaces enti\u00e8rement d\u00e9di\u00e9s au jeu, pour le plus grand plaisir des enfants et des parents!  BLACKLIST BlackList propose un rap mature, sombre et authentique, quitte \u00e0 bouleverser certaines repr\u00e9sentations. L\u00e9nergie d\u00e9ploy\u00e9e sur sc\u00e8ne est \u00e0 la hauteur de cet \u00eatre entier, et saura convaincre les plus r\u00e9ticents..! 17h30-SC\u00c8NE B Cette premi\u00e8re soir\u00e9e du Keep the Faith Weekender mettra \u00e0 lhonneur lun des personnages majeurs des musiques dites Reggae Promo France-4 Pass \u00e0 gagner pour le Festival Rencontres et Racines. Le nombre de passager ne peut \u00eatre inf\u00e9rieur \u00e0 1. Veuillez ajouter au moins 1 passager  Drame belge 1 h 31 de Vero Cratzborn avec L\u00e9onie Souchaud, Ludivine Sagnier 4,50 euros avec la carte Avantages jeunes aux cin\u00e9mas \u00e0 Besan\u00e7on et \u00e0 Montb\u00e9liard.  Acclam\u00e9e en France et dans le monde, elle est devenue lambassadrice supr\u00eame de cette musique anciennement r\u00e9serv\u00e9e aux hommes, qui rythme la vie de Trinidad et Tobago. Port\u00e9e aux nues lann\u00e9e derni\u00e8re aux Victoires de la Musique, elle vient de recevoir le Grand Prix des Musiques du Monde de la Sacem. Stopzic en partenariat avec Le festival Rencontres et Racines Vous propose de gagner 4 pass pour les 3 jours! Concours du 13 au 23 juin Du 27 au 29 juin 2014, Audincourt 25 sera le th\u00e9\u00e2tre du 25\u00e8me Festival aux couleurs des cinq continents rassemblant artistes internationaux et associations de la r\u00e9gion. Rencontres et racines, festival de musiques du monde, fin juin. <img decoding=\"async\" src=\"http:\/\/cdn2.artwhere.net\/www.moustique.be\/epg\/imf\/c\/remote\/eyJiYXNlIjoiaHR0cDpcL1wvYXBpLXR2LnBsdXJpbWVkaWEuZnJcL2ltYWdlc1wvY2xpZW50c1wvU2Fub21hNWQxODhcLzE2OV9FTUlfNDIwNzY4LmpwZyIsIm1hc2siOiI0MTd4MzM3In0.jpg\" alt=\"festival rencontres et racines \u00e0 audincourt le 23 juin\" align=\"center\"> Attention, les arr\u00eats Temple et Briand ne seront pas desservis car une d\u00e9viation a \u00e9t\u00e9 mise en place pour le festival. 18 decembre-Le Darius Club-Lons le Saunier 39 La programmation compl\u00e8te et quotidienne de Rencontres Racines 2018 Aros y LLantas Mundiales. Todos los Derechos Reservados Dise\u00f1ado por Le spectacle sera \u00e9galement propos\u00e9 le dimanche 23 juin 2013 \u00e0 15h sur la grande sc\u00e8ne du festival Rencontres et Racines \u00e0 Audincourt. <img decoding=\"async\" src=\"http:\/\/www.audincourt.fr\/wp-content\/uploads\/2018\/01\/flyer-aurvegne_Page_2.png\" alt=\"festival rencontres et racines \u00e0 audincourt le 23 juin\" align=\"center\"> 08 Septembre Filatures JAPY 1\u00e8re partie Zebda Audincourt La Perc\u00e9e du geek offre le temps dun week-end \u00e0 Juraparc une immersion dans lunivers geek et ludique sous toutes ses formes. Jeux vid\u00e9o, combat de sabres lasers, expositions de jouets vintage, cosplay.. Les sp\u00e9cialit\u00e9s jurassiennes seront mises en avant \u00e0 travers des stands de produits r\u00e9gionaux.<\/p>\n","protected":false},"excerpt":{"rendered":"<p>festival rencontres et racines \u00e0 audincourt le 23 juin<\/p>\n","protected":false},"author":1,"featured_media":0,"comment_status":"closed","ping_status":"closed","sticky":false,"template":"","format":"standard","meta":{"footnotes":""},"categories":[1],"tags":[],"_links":{"self":[{"href":"http:\/\/bauclassroom.com\/info\/wp-json\/wp\/v2\/posts\/1517"}],"collection":[{"href":"http:\/\/bauclassroom.com\/info\/wp-json\/wp\/v2\/posts"}],"about":[{"href":"http:\/\/bauclassroom.com\/info\/wp-json\/wp\/v2\/types\/post"}],"author":[{"embeddable":true,"href":"http:\/\/bauclassroom.com\/info\/wp-json\/wp\/v2\/users\/1"}],"replies":[{"embeddable":true,"href":"http:\/\/bauclassroom.com\/info\/wp-json\/wp\/v2\/comments?post=1517"}],"version-history":[{"count":1,"href":"http:\/\/bauclassroom.com\/info\/wp-json\/wp\/v2\/posts\/1517\/revisions"}],"predecessor-version":[{"id":1518,"href":"http:\/\/bauclassroom.com\/info\/wp-json\/wp\/v2\/posts\/1517\/revisions\/1518"}],"wp:attachment":[{"href":"http:\/\/bauclassroom.com\/info\/wp-json\/wp\/v2\/media?parent=1517"}],"wp:term":[{"taxonomy":"category","embeddable":true,"href":"http:\/\/bauclassroom.com\/info\/wp-json\/wp\/v2\/categories?post=1517"},{"taxonomy":"post_tag","embeddable":true,"href":"http:\/\/bauclassroom.com\/info\/wp-json\/wp\/v2\/tags?post=1517"}],"curies":[{"name":"wp","href":"https:\/\/api.w.org\/{rel}","templated":true}]}}