{"id":1519,"date":"2020-09-21T05:05:51","date_gmt":"2020-09-21T05:05:51","guid":{"rendered":"http:\/\/bauclassroom.com\/info\/?p=1519"},"modified":"2020-09-20T02:03:58","modified_gmt":"2020-09-20T02:03:58","slug":"les-rencontres-arles-photo","status":"publish","type":"post","link":"http:\/\/bauclassroom.com\/info\/2020\/09\/21\/les-rencontres-arles-photo\/","title":{"rendered":"Les Rencontres Arles Photo"},"content":{"rendered":"<p><img decoding=\"async\" src=\"http:\/\/i-cms.linternaute.com\/image_cms\/original\/1353978-olivier-metzger-la-femme-active.jpg\" alt=\"les rencontres arles photo\" align=\"right\"> Du c\u00f4t\u00e9 du off et du festival, ce sont pas moins de 100 expositions en libre acc\u00e8s \u00e0 d\u00e9couvrir dans de nombreux lieux de la ville dont certains insolites et cach\u00e9s des regards le reste de lann\u00e9e. Tous les soirs, ce sont les incontournables projections et afters pop electro dans la cour de lArchev\u00each\u00e9 qui attireront festivaliers et noctambules de toutes les nationalit\u00e9s. O\u00f9 \u00eates-vous confin\u00e9? Quavez-vous chang\u00e9 de vos habitudes? Val\u00e9rie Belin, Lady_Stroke, 2017. Courtesy of Galerie Nathalie Obadia, Paris, Bruxelles. Emergences cest ce th\u00e8me qui honore un des r\u00f4les des Rencontres dArles : d\u00e9couvrir de nouveaux talents de la photographie. Par ailleurs, pour le prix D\u00e9couverte Louis Roeder, 10 travaux ont \u00e9t\u00e9 s\u00e9lectionn\u00e9 parmi les 200 propositions re\u00e7ues. Parmi eux, un seul remportera le prix du jury, et un autre le titre de laur\u00e9at, d\u00e9sign\u00e9 par le public.  Christian Lutz, Eldorado, from the Insert Coins series, 2016. Courtesy of the artist and MAPS.  LES RENCONTRES INTERNATIONALES DE LA PHOTOGRAPHIE R.I.P. Maison de la Vie Associative Arles Associations Retrouvez un aper\u00e7u des Rencontres dArles 2012 dans notre diaporama: D\u00e9couvrez les laur\u00e9ats et les 50 s\u00e9lectionn\u00e9s des Prix Voies Off 2019 en Nabila et Keltoum. Une photo de lexposition de Randa Maroufi sur Ceuta. Photo Rencontres dArles 2020. Le lieu a f\u00eat\u00e9 son closing le 28 mais on croise fort les doigts pour que le lieu \u00e9ph\u00e9m\u00e8re ait une saison 2 l\u00e9t\u00e9 prochain. X La ressource PortalCloseConfirmExpoResaModalTitle nest pas d\u00e9finie. R\u00e9servation dexposition  <img decoding=\"async\" src=\"http:\/\/www.meletout.net\/debrigode\/wp-content\/uploads\/2014\/11\/arles-et-peyrepertuse-061-1024x768.jpg\" alt=\"les rencontres arles photo\" align=\"right\"> <img decoding=\"async\" src=\"http:\/\/www.ivasfot.com\/wp-content\/gallery\/arles\/ARLMSC359.jpg\" alt=\"les rencontres arles photo\" align=\"left\"> Arles, les Rencontres de la photographie a Retweet\u00e9 10 projets sont s\u00e9lectionn\u00e9s parmi les propositions de galeries et font chacun lobjet dune exposition. Pendant la semaine douverture, un jury r\u00e9compense un artiste et sa galerie \u00e0 travers une acquisition dun montant de 15 000 euros, tandis que le public d\u00e9signe son laur\u00e9at \u00e0 travers une acquisition dun montant de 5 000 euros. A lespace Van Gogh, \u00e0 deux pas du stand Leica, photographie et r\u00e9volution mexicaine sont \u00e0 lhonneur avec un bond dans le temps Passionnant. Avec cette expo dont le titre rappelle celui d de, on navigue dans des environnements cliniques qui ravivent tout un imaginaire collectif de science-fiction et alimentent une fascination pour le surnaturel et le paranormal. Les petites filles, \u00e2g\u00e9es de 8 et 10 ans, qui souhaitent participer \u00e0 la c\u00e9r\u00e9monie de prise de coiffe le dimanche 13 d\u00e9cembre 2020, peuvent sinscrire d\u00e8s \u00e0 pr\u00e9sent. Les dossiers sont disponibles, sur demande \u00e0 festivarlesclub-internet.fr. Les champs marqu\u00e9s dun sont obligatoires. Envoyer Les rencontres de la photographie \u00e0 labbaye de Montmajour.<\/p>\n","protected":false},"excerpt":{"rendered":"<p>les rencontres arles photo<\/p>\n","protected":false},"author":1,"featured_media":0,"comment_status":"closed","ping_status":"closed","sticky":false,"template":"","format":"standard","meta":{"footnotes":""},"categories":[1],"tags":[],"_links":{"self":[{"href":"http:\/\/bauclassroom.com\/info\/wp-json\/wp\/v2\/posts\/1519"}],"collection":[{"href":"http:\/\/bauclassroom.com\/info\/wp-json\/wp\/v2\/posts"}],"about":[{"href":"http:\/\/bauclassroom.com\/info\/wp-json\/wp\/v2\/types\/post"}],"author":[{"embeddable":true,"href":"http:\/\/bauclassroom.com\/info\/wp-json\/wp\/v2\/users\/1"}],"replies":[{"embeddable":true,"href":"http:\/\/bauclassroom.com\/info\/wp-json\/wp\/v2\/comments?post=1519"}],"version-history":[{"count":1,"href":"http:\/\/bauclassroom.com\/info\/wp-json\/wp\/v2\/posts\/1519\/revisions"}],"predecessor-version":[{"id":1520,"href":"http:\/\/bauclassroom.com\/info\/wp-json\/wp\/v2\/posts\/1519\/revisions\/1520"}],"wp:attachment":[{"href":"http:\/\/bauclassroom.com\/info\/wp-json\/wp\/v2\/media?parent=1519"}],"wp:term":[{"taxonomy":"category","embeddable":true,"href":"http:\/\/bauclassroom.com\/info\/wp-json\/wp\/v2\/categories?post=1519"},{"taxonomy":"post_tag","embeddable":true,"href":"http:\/\/bauclassroom.com\/info\/wp-json\/wp\/v2\/tags?post=1519"}],"curies":[{"name":"wp","href":"https:\/\/api.w.org\/{rel}","templated":true}]}}