{"id":1553,"date":"2020-09-21T11:32:12","date_gmt":"2020-09-21T11:32:12","guid":{"rendered":"http:\/\/bauclassroom.com\/info\/?p=1553"},"modified":"2020-09-20T03:00:49","modified_gmt":"2020-09-20T03:00:49","slug":"rencontrer-rachida-dati","status":"publish","type":"post","link":"http:\/\/bauclassroom.com\/info\/2020\/09\/21\/rencontrer-rachida-dati\/","title":{"rendered":"Rencontrer Rachida Dati"},"content":{"rendered":"<p>Laura Motet, Diplomatie du caviar : les \u00e9changes de bons proc\u00e9d\u00e9s entre lAzerba\u00efdjan et les \u00e9lus fran\u00e7ais, lemonde.fr, 5 septembre 2017 Retrouvez toute son actu, ajoutez dautres stars et soyez alert\u00e9 \u00e0 chaque nouvelle actu de vos stars ajout\u00e9es Alpes de Haute-Provence : Rachida Dati \u00e0 Sisteron et Authon Nicolas Sarkozy aurait-t-il finalement choisi entre Fran\u00e7ois Fillon et Jean-Fran\u00e7ois Cop\u00e9? Julien Cl\u00e9men\u00e7ot,, sur afrik.com, 18 juillet 2007 consult\u00e9 le 5 ao\u00fbt 2016. Les donn\u00e9es personnelles ne seront pas conserv\u00e9es ni utilis\u00e9es sur le site et \u00e0 des fins commerciales. Mars et Neptune commencent \u00e0 se s\u00e9parer, les nuages devraient se dissiper pour le 3\u00e8me d\u00e9can et laisser tr\u00e8s bient\u00f4t la place \u00e0 un beau soleil et donc \u00e0 une \u00e9nergie renouvel\u00e9e. Vous vous sentirez.. Le 21 novembre 2002, le Garde des Sceaux et Pierre B\u00c9DIER, Secr\u00e9taire dEtat aux Programmes Immobiliers de la Justice, ont annonc\u00e9 la r\u00e9alisation de deux centres de d\u00e9tention en r\u00e9gion Rh\u00f4ne Alpes, dans des localisations \u00e0 d\u00e9terminer. <img decoding=\"async\" src=\"http:\/\/www.france-victimes.fr\/images\/inavem\/img_articles\/hb_dati040908.jpg\" alt=\"rencontrer rachida dati\" align=\"right\"> DPG Media NV, avec si\u00e8ge social situ\u00e9 \u00e0 Mediaplein 1, 2018 Antwerpen, num\u00e9ro dentreprise 0432.306.234, T\u00e9l.: 02255.32.11, E-mail: privacydpgmedia.be 23 septembre 2008 Discours de Madame Rachida Dati, Garde des Sceaux, ministre de la Justice Partout, nous avons vu des Parisiens \u00e9c\u0153ur\u00e9s. \u00c9c\u0153ur\u00e9s de ne pas \u00eatre \u00e9cout\u00e9s, \u00e9c\u0153ur\u00e9s des contraintes, \u00e9c\u0153ur\u00e9s de ne pas \u00eatre consid\u00e9r\u00e9s., sur lefigaro.fr, 23 septembre 2019 consult\u00e9 le 29 janvier 2020. &#8212;&#8212;&#8212; LePetitJournal.com, m\u00e9dia leader de linformation pour les expatri\u00e9s fran\u00e7ais et francophones. 2017 <img decoding=\"async\" src=\"http:\/\/static.europe-israel.org\/wp-content\/uploads\/2017\/03\/rachida-dati-2017.jpg\" alt=\"rencontrer rachida dati\" align=\"left\"> Et en parall\u00e8le, hier je lisais le Parisien, la version num\u00e9rique, qui diff\u00e8re de la version papier par le fait quon ne peut pas d\u00e9marrer un barbecue avec, parce que \u00e7a fait un iPad par soir, et je suis tomb\u00e9 sur un article \u00e0 propos dAymeric Lompret. Cest lun des 900 humoristes France Inter, il est barbu, comme Edouard Philippe, dr\u00f4le, comme une autre personne quEdouard Philippe, et il est dans Par Jupiter, l\u00e9mission de gauche dInter. En opposition \u00e0 la n\u00f4tre, l\u00e9mission de droite dInter, il faut savoir quapr\u00e8s chaque chronique Rachida Dati menvoie en Colissimo un pull Burton \u00e0 porter sur mes \u00e9paules cet \u00e9t\u00e9, quant \u00e0 Daniel Morin, il couche avec Christian Jacob. Et Aymeric Lompret, interrog\u00e9 sur le monde dapr\u00e8s, dont tout le monde parle, sauf Sophie Davant qui pr\u00e9f\u00e8re parler delle-m\u00eame, explique quil aime le collectif, lesprit de bande, la convivialit\u00e9. Autant de valeurs dangereuses puisquelles nous ont donn\u00e9 la CGT et le ska festif. Donc forc\u00e9ment, son monde dapr\u00e8s est diff\u00e9rent de celui de Houellebecq, cest comme de faire se rencontrer Hubert-F\u00e9lix Thi\u00e9faine en plein spleen baudelairien et Kamel Ouali qui monter une chor\u00e9 pour un concert de Shym en balan\u00e7ant du boule. D\u00e9tecter tout abus de notre site web et de nos services, par exemple en enregistrant des tentatives de connexion cons\u00e9cutives \u00e9chou\u00e9es Sil vous pla\u00eet envisager de nous soutenir en d\u00e9sactivant votre bloqueur de publicit\u00e9 Rachida Dati, Je vous fais juges, Grasset, 2007, p. 35-38 et p 162-169. Lexpression entre guillemets est de Rachida Dati elle-m\u00eame. <img decoding=\"async\" src=\"http:\/\/anmsm.media.tourinsoft.eu\/Upload\/3165740.jpeg\" alt=\"rencontrer rachida dati\" align=\"right\"> This website uses cookies to improve your experience. Well assume youre ok with this, but you can opt-out if you wish.   Largumentaire de la ministre est connu : la carte judiciaire ancienne formule est vieillotte. Il fallait la r\u00e9former, la moderniser et permettre aux utilisateurs de la justice den \u00eatre plus proches. Concr\u00e8tement, le tribunal de grande instance de Marmande et son tribunal de commerce sont amen\u00e9s \u00e0 dispara\u00eetre un recours au Conseil d\u00c9tat est engag\u00e9. Le tribunal dinstance de N\u00e9rac est ray\u00e9 de la carte. Le tribunal de commerce dAgen serait donc lunique instance de ce type dans le d\u00e9partement, celui de Villeneuve devant fermer ses portes dans six mois. On ferme donc, mais on ouvre aussi. Le p\u00f4le de linstruction est en place depuis le 1er mars, mais ne devrait fonctionner dans les conditions pr\u00e9vues, avec trois juges dinstruction, qu\u00e0 lautomne.<\/p>\n","protected":false},"excerpt":{"rendered":"<p>rencontrer rachida dati<\/p>\n","protected":false},"author":1,"featured_media":0,"comment_status":"closed","ping_status":"closed","sticky":false,"template":"","format":"standard","meta":{"footnotes":""},"categories":[1],"tags":[],"_links":{"self":[{"href":"http:\/\/bauclassroom.com\/info\/wp-json\/wp\/v2\/posts\/1553"}],"collection":[{"href":"http:\/\/bauclassroom.com\/info\/wp-json\/wp\/v2\/posts"}],"about":[{"href":"http:\/\/bauclassroom.com\/info\/wp-json\/wp\/v2\/types\/post"}],"author":[{"embeddable":true,"href":"http:\/\/bauclassroom.com\/info\/wp-json\/wp\/v2\/users\/1"}],"replies":[{"embeddable":true,"href":"http:\/\/bauclassroom.com\/info\/wp-json\/wp\/v2\/comments?post=1553"}],"version-history":[{"count":1,"href":"http:\/\/bauclassroom.com\/info\/wp-json\/wp\/v2\/posts\/1553\/revisions"}],"predecessor-version":[{"id":1554,"href":"http:\/\/bauclassroom.com\/info\/wp-json\/wp\/v2\/posts\/1553\/revisions\/1554"}],"wp:attachment":[{"href":"http:\/\/bauclassroom.com\/info\/wp-json\/wp\/v2\/media?parent=1553"}],"wp:term":[{"taxonomy":"category","embeddable":true,"href":"http:\/\/bauclassroom.com\/info\/wp-json\/wp\/v2\/categories?post=1553"},{"taxonomy":"post_tag","embeddable":true,"href":"http:\/\/bauclassroom.com\/info\/wp-json\/wp\/v2\/tags?post=1553"}],"curies":[{"name":"wp","href":"https:\/\/api.w.org\/{rel}","templated":true}]}}