{"id":1557,"date":"2020-09-21T23:18:28","date_gmt":"2020-09-21T23:18:28","guid":{"rendered":"http:\/\/bauclassroom.com\/info\/?p=1557"},"modified":"2020-09-20T03:04:28","modified_gmt":"2020-09-20T03:04:28","slug":"rencontres-centrafrique","status":"publish","type":"post","link":"http:\/\/bauclassroom.com\/info\/2020\/09\/21\/rencontres-centrafrique\/","title":{"rendered":"Rencontres Centrafrique"},"content":{"rendered":"<p>La Centrafrique compte quelque 4,5 millions dhabitants. Au cours des derni\u00e8res ann\u00e9es, le conflit arm\u00e9 a eu de graves cons\u00e9quences pour les populations civiles et mis \u00e0 mal le syst\u00e8me de sant\u00e9 et d\u00e9ducation. Les relations bilat\u00e9rales entre la R\u00e9publique centrafricaine et la Suisse portent principalement sur laide humanitaire. Lauteur montre un manque de respect pour la langue; par exemple, tout le texte ou sa grande partie est tap\u00e9 en lettres majuscules et nest pas divis\u00e9 en phrases. Mme Annick Girardin participera \u00e9galement au conseil des ministres europ\u00e9ens charg\u00e9s du d\u00e9veloppement, qui portera sur le financement du d\u00e9veloppement, lagenda post-2015, l\u00e9galit\u00e9 homme-femme, les migrations ainsi que le lien entre s\u00e9curit\u00e9 et d\u00e9veloppement. Elle participera \u00e0 un d\u00eener de travail avec le secr\u00e9taire g\u00e9n\u00e9ral des Nations unies, M. Ban Ki-moon, pour pr\u00e9parer les rendez-vous de lann\u00e9e 2015 : conf\u00e9rence internationale sur le financement du d\u00e9veloppement en juillet, sommet sp\u00e9cial sur le d\u00e9veloppement durable en septembre et conf\u00e9rence Paris Climat 2015 en fin dann\u00e9e. 10-Lib\u00e9ration de plusieurs centaines denfants par des groupes arm\u00e9s 14 mai 2015 <img decoding=\"async\" src=\"http:\/\/abidjan2017.mondoblog.org\/files\/2017\/07\/Legrand-Djallae.jpg\" alt=\"rencontres centrafrique\" align=\"left\"> <img decoding=\"async\" src=\"http:\/\/img.over-blog-kiwi.com\/0\/53\/50\/55\/20180329\/ob_83fe7c_bedializoun-moussa-nebie.JPG\" alt=\"rencontres centrafrique\" align=\"left\">  J\u00e9r\u00f4me Cordelier : enqu\u00eate sur les ordres dominicains, franciscains et j\u00e9suites  M. Laurent Fabius et le pr\u00e9sident Paul Biya ont rappel\u00e9 lattachement de la France et des \u00c9tats voisins \u00e0 permettre le r\u00e9tablissement rapide et durable de la s\u00e9curit\u00e9 en R\u00e9publique centrafricaine et lorganisation d\u00e9lections avant f\u00e9vrier 2015. 66-Sangaris : r\u00e9union des acteurs locaux \u00e0 Bossangoa Confidentialit\u00e9 et cookies : ce site utilise des cookies. En continuant \u00e0 naviguer sur ce site, vous acceptez que nous en utilisions. La France appelle tous les Centrafricains \u00e0 adh\u00e9rer \u00e0 cette d\u00e9marche de r\u00e9conciliation, conduite par les autorit\u00e9s de transition avec lappui de la communaut\u00e9 internationale et de la mission multidimensionnelle int\u00e9gr\u00e9e des Nations unies pour la stabilisation en R\u00e9publique centrafricaine. 14-Prolongation du mandat de la MINUSCA 28 avril 2015 Parce quune autre personne ou vous est en train de lire Le Monde avec ce compte sur un autre appareil. Q-Est-ce quon est au bord de la limite dintervention fran\u00e7aise aujourdhui? Saint, Tous Saints, Toussaint. Vous fa\u00eetes le rapprochement? et oui aujourdhui, lEglise a d\u00e9cid\u00e9 de rappeler que nous sommes tous appel\u00e9s \u00e0 la saintet\u00e9. Sept des neuf syndicats de la fonction publique ont appel\u00e9 \u00e0 la gr\u00e8ve ce jeudi 22 mars. La Conf\u00e9d\u00e9ration Fran\u00e7aise des Travailleurs Chr\u00e9tiens en fait partie. Mais que repr\u00e9sente aujourdhui le syndicat chr\u00e9tien et que d\u00e9fend-t-il? Vous pourrez revenir sur votre choix et retirer votre consentement en nous renvoyant le ou en utilisant nimporte quel autre moyen indiqu\u00e9 dans la. La France rappelle que tous les auteurs des violations des droits de lhomme devront r\u00e9pondre de leurs actes devant la justice. 60-Tribune conjointe de M. Pascal Canfin, ministre d\u00e9l\u00e9gu\u00e9 charg\u00e9 du d\u00e9veloppement, et de Mme Kristalina Georgieva, commissaire europ\u00e9enne charg\u00e9e de la coop\u00e9ration internationale, de laide humanitaire et de la r\u00e9action aux crises, dans le quotidien La Croix Paris, 19 janvier 2014 Jean-Claude Kaufmann : le confinement a \u00e9t\u00e9 une \u00e9preuve de v\u00e9rit\u00e9 pour certains couples Si je fais une comparaison, et elle m\u00e9rite d\u00eatre prise avec beaucoup de prudence, au Mali il sagissait de lutter contre une offensive terroriste, avec des groupes particuli\u00e8rement arm\u00e9s et entra\u00een\u00e9s qui occupaient d\u00e9j\u00e0 un territoire. En quelques mois, je dis bien en quelques mois, nous avons repouss\u00e9 cette offensive, nous lavons d\u00e9faite et nous avons permis au Mali de retrouver lint\u00e9grit\u00e9 de son territoire, de faire voter la population pour l\u00e9lection pr\u00e9sidentielle, c\u00e9tait au mois de juillet, et un second tour du scrutin pour les \u00e9lections l\u00e9gislatives aura lieu le 15 d\u00e9cembre. Ceux qui veulent nous rejoindre sur la messagerie WeChat, scannez le code QR ci-contre. Like Him! Comme tous les ans, la communaut\u00e9 du Verbe de Vie \u00e0 labbaye dAndecy propose \u00e0 des ados de se r\u00e9unir en Champagne autour de J\u00e9sus. Venez d\u00e9couvrir ce qui vous attend. <img decoding=\"async\" src=\"http:\/\/scd.rfi.fr\/sites\/filesrfi\/imagecache\/rfi_16x9_1024_578\/sites\/images.rfi.fr\/files\/aef_image\/000_ti6m2_0_0.jpg\" alt=\"rencontres centrafrique\" align=\"right\"> .<\/p>\n","protected":false},"excerpt":{"rendered":"<p>rencontres centrafrique<\/p>\n","protected":false},"author":1,"featured_media":0,"comment_status":"closed","ping_status":"closed","sticky":false,"template":"","format":"standard","meta":{"footnotes":""},"categories":[1],"tags":[],"_links":{"self":[{"href":"http:\/\/bauclassroom.com\/info\/wp-json\/wp\/v2\/posts\/1557"}],"collection":[{"href":"http:\/\/bauclassroom.com\/info\/wp-json\/wp\/v2\/posts"}],"about":[{"href":"http:\/\/bauclassroom.com\/info\/wp-json\/wp\/v2\/types\/post"}],"author":[{"embeddable":true,"href":"http:\/\/bauclassroom.com\/info\/wp-json\/wp\/v2\/users\/1"}],"replies":[{"embeddable":true,"href":"http:\/\/bauclassroom.com\/info\/wp-json\/wp\/v2\/comments?post=1557"}],"version-history":[{"count":1,"href":"http:\/\/bauclassroom.com\/info\/wp-json\/wp\/v2\/posts\/1557\/revisions"}],"predecessor-version":[{"id":1558,"href":"http:\/\/bauclassroom.com\/info\/wp-json\/wp\/v2\/posts\/1557\/revisions\/1558"}],"wp:attachment":[{"href":"http:\/\/bauclassroom.com\/info\/wp-json\/wp\/v2\/media?parent=1557"}],"wp:term":[{"taxonomy":"category","embeddable":true,"href":"http:\/\/bauclassroom.com\/info\/wp-json\/wp\/v2\/categories?post=1557"},{"taxonomy":"post_tag","embeddable":true,"href":"http:\/\/bauclassroom.com\/info\/wp-json\/wp\/v2\/tags?post=1557"}],"curies":[{"name":"wp","href":"https:\/\/api.w.org\/{rel}","templated":true}]}}