{"id":1619,"date":"2020-09-22T01:09:00","date_gmt":"2020-09-22T01:09:00","guid":{"rendered":"http:\/\/bauclassroom.com\/info\/?p=1619"},"modified":"2020-09-20T04:36:25","modified_gmt":"2020-09-20T04:36:25","slug":"forum-rencontre-burkina-faso","status":"publish","type":"post","link":"http:\/\/bauclassroom.com\/info\/2020\/09\/22\/forum-rencontre-burkina-faso\/","title":{"rendered":"Forum Rencontre Burkina Faso"},"content":{"rendered":"<p> Alors quils se disaient impatients de reprendre leurs c\u00e9l\u00e9brations et activit\u00e9s, une majorit\u00e9 de dioc\u00e8ses et de mouvements d\u00c9glise font preuve de pr\u00e9caution dans lattente de la reprise des messes.. SALES AND OPERATIONS DIRECTOR NATURAL GRASS PR\u00c9SIDENT NATURAL GRASS AFRICA Burkina Faso: forum national sur la s\u00e9curit\u00e9 du pays 2Apr\u00e8s une assez longue interruption, le Forum Sciences Humaines et Sociales FSHS a repris ses rencontres ordinaires le jeudi 30 Octobre 2008 dans la salle de r\u00e9union du Groupe de Recherche, dExpertise et de Formation en Sant\u00e9 pour le D\u00e9veloppement GREFSaD. Une dizaine de personnes \u00e9taient pr\u00e9sentes, dont le directeur ex\u00e9cutif de GREFSaD, \u00e9pid\u00e9miologiste de formation. Le th\u00e8me de la rencontre qui a fait lobjet de la communication de Dr Maurice YAOGO \u00e9tait intitul\u00e9 : Sciences sociales en g\u00e9n\u00e9ral, sant\u00e9 et d\u00e9veloppement en particulier : \u00e9tat de lieux et perspectives. La mod\u00e9ration \u00e9tait assur\u00e9e par Som\u00e9 T\u00e9l\u00e9phore en remplacement de Bernadette TRAORE absente ce jour. Il sagissait au cours de cette rencontre de pr\u00e9senter la contribution des sciences sociales dans les domaines de la sant\u00e9 et du d\u00e9veleppement au Burkina Faso, en partant du constat quelles sont solllicit\u00e9es pour diverses interventions. Le Comit\u00e9 Banque africaine de d\u00e9veloppement BAD-Soci\u00e9t\u00e9 civile a \u00e9t\u00e9 lanc\u00e9 en mai 2018 au cours du Forum de la Soci\u00e9t\u00e9 Civile qui sest tenu \u00e0 Abidjan, et a a pour objectif de conseiller et de faciliter la collaboration entre la BAD et les organisations de la soci\u00e9t\u00e9 civile. Pour prendre rendez-vous, merci de remplir le formulaire ci-dessous. Nous vous r\u00e9pondrons dans les meilleurs d\u00e9lais. Apr\u00e8s deux mois de fermeture, la priorit\u00e9 cest de faire revenir les clients cette rencontre \u00e9tait une occasion de donner des rudiments aux jeunes sur les probl\u00e9matiques li\u00e9es \u00e0 lacc\u00e8s \u00e0 leau potable et \u00e0 lassainissement, sur les ODD ou encore les changements climatiques. <img decoding=\"async\" src=\"http:\/\/ramses-forum.org\/userpanel\/documents-francais\/Boot%20camp%20document.jpg\" alt=\"forum rencontre burkina faso\" align=\"center\">  Forum des m\u00e9tiers et des formations au lyc\u00e9e fran\u00e7ais Saint Exup\u00e9ry : des rencontres pour pr\u00e9parer lavenir LYCEE FRANCAIS SAINT EXUPERY MAISON DE LENTREPRISE DU BURKINA FASO AUTORISATION DANNONCES LEGALES N\u00ba 127008 CA-TGIOUAP.F. Du 16 Mai 2008 SITE: www.me.bf ANNONCE LEGALE Val\u00e9rie P\u00e9cresse52 ans, pr\u00e9sidente Libres! du conseil r\u00e9gional d\u00cele-de-France L\u00e9pid\u00e9mie a boulevers\u00e9 notre vie : brutalit\u00e9 de la maladie, avec la douleur de la perte de nos proches, sans m\u00eame.. Lalerte quotidienne vous annon\u00e7ant la question du jour et lexpert qui r\u00e9pondra \u00e0 la question. AFRICALLIA 2019 : opportunit\u00e9 unique de rencontrer des entreprises dAfrique En marge de ce forum, lAmbassadeur a organis\u00e9 \u00e0 partir de 17 heures une s\u00e9ance d\u00e9changes entre Monsieur le Ministre Alkassoum Maiga et les responsables des associations et amicales d\u00e9tudiants burkinab\u00e8 au S\u00e9n\u00e9gal. Cest vrai que jaime mon pays et mon continent mais jaimerais plus conna\u00eetre le Max du Preez69 ans, auteur et chroniqueur, Afrique du Sud Cette crise nous confronte au probl\u00e8me central de mon pays : la captation de l\u00c9tat et la corruption. Le pr\u00e9sident Cyril Ramaphosa, le.. Edit\u00e9 par SAFREM SARL, Cio Mag est un support dinformation et de veille technologique au service des DSI et des principaux d\u00e9cideurs du secteur IT. Ce site utilise des cookies pour am\u00e9liorer votre exp\u00e9rience, renforcer la s\u00e9curit\u00e9 du site et vous proposer des publicit\u00e9s personnalis\u00e9es. Pour en savoir plus ou g\u00e9rer vos param\u00e8tres. En cliquant ou en naviguant sur le site, vous acceptez notre utilisation des cookies. Le Festival panafricain du cin\u00e9ma et de la t\u00e9l\u00e9vision de Ouagadougou a acquis une renomm\u00e9e internationale. Ses fondateurs nen esp\u00e9raient pas tant : ils voulaient initialement juste faire conna\u00eetre le cin\u00e9ma africain aux Africains. <img decoding=\"async\" src=\"http:\/\/www.sidwaya.bf\/fichiers_site\/a3233sid\/contenu_pages\/\/financements-innovants-le-burkina-faso-lance-son-1er-forum-_583f3f2c1e3a9_l250_h250.jpg\" alt=\"forum rencontre burkina faso\" align=\"right\">  Aucune entreprise sociale et solidaire en difficult\u00e9 ne doit rester sans solution. Il faut tout tenter pour \u00e9viter les licenciements et maintenir la coh\u00e9sion sociale Durant cette mission, un programme de visites a permis aux responsables des entreprises africaines de d\u00e9couvrir diff\u00e9rentes soci\u00e9t\u00e9s, en r\u00e9gion parisienne et en Picardie. Ils ont pu ainsi d\u00e9couvrir les produits et prestations propos\u00e9s par ces entreprises fran\u00e7aises. Ils ont eu \u00e9galement lopportunit\u00e9 dappr\u00e9cier le fonctionnement et lorganisation de ces soci\u00e9t\u00e9s, de visiter leurs sites de production et de rencontrer de nombreux dirigeants fran\u00e7ais. Forums Burkina Faso, discussions concernant Burkina Faso-Tripadvisor Please try again in a few minutes. If youre the owner of this website: tous profils : r\u00e9seaux agricoles, organisations de citoyens, pouvoirs <img decoding=\"async\" src=\"http:\/\/www.slagbordv.ga\/images\/cyclisme_fsgt31\/route\/resultats\/2017\/0528bazus\/ldiagne.jpg\" alt=\"forum rencontre burkina faso\" align=\"right\"> Cr\u00e9\u00e9 le 16 novembre 2018, sous statut dassociation Loi 1901, le R\u00e9seau Bretagne Solidaire RBS est le 12\u00e8me r\u00e9seau r\u00e9gional multi-acteurs RRMA au service des acteurs bretons engag\u00e9s dans des projets de coop\u00e9ration internationale et de solidarit\u00e9. Sa vocation? Accompagner les acteurs associatifs, publics, \u00e9conomiques et institutionnels dans leur politique de coop\u00e9ration internationale et leurs projets de solidarit\u00e9 internationale, en favorisant les \u00e9changes, le travail collaboratif, le renforcement des comp\u00e9tences et la valorisation des initiatives.<\/p>\n","protected":false},"excerpt":{"rendered":"<p>forum rencontre burkina faso<\/p>\n","protected":false},"author":1,"featured_media":0,"comment_status":"closed","ping_status":"closed","sticky":false,"template":"","format":"standard","meta":{"footnotes":""},"categories":[1],"tags":[],"_links":{"self":[{"href":"http:\/\/bauclassroom.com\/info\/wp-json\/wp\/v2\/posts\/1619"}],"collection":[{"href":"http:\/\/bauclassroom.com\/info\/wp-json\/wp\/v2\/posts"}],"about":[{"href":"http:\/\/bauclassroom.com\/info\/wp-json\/wp\/v2\/types\/post"}],"author":[{"embeddable":true,"href":"http:\/\/bauclassroom.com\/info\/wp-json\/wp\/v2\/users\/1"}],"replies":[{"embeddable":true,"href":"http:\/\/bauclassroom.com\/info\/wp-json\/wp\/v2\/comments?post=1619"}],"version-history":[{"count":1,"href":"http:\/\/bauclassroom.com\/info\/wp-json\/wp\/v2\/posts\/1619\/revisions"}],"predecessor-version":[{"id":1620,"href":"http:\/\/bauclassroom.com\/info\/wp-json\/wp\/v2\/posts\/1619\/revisions\/1620"}],"wp:attachment":[{"href":"http:\/\/bauclassroom.com\/info\/wp-json\/wp\/v2\/media?parent=1619"}],"wp:term":[{"taxonomy":"category","embeddable":true,"href":"http:\/\/bauclassroom.com\/info\/wp-json\/wp\/v2\/categories?post=1619"},{"taxonomy":"post_tag","embeddable":true,"href":"http:\/\/bauclassroom.com\/info\/wp-json\/wp\/v2\/tags?post=1619"}],"curies":[{"name":"wp","href":"https:\/\/api.w.org\/{rel}","templated":true}]}}