{"id":1659,"date":"2020-09-22T06:46:06","date_gmt":"2020-09-22T06:46:06","guid":{"rendered":"http:\/\/bauclassroom.com\/info\/?p=1659"},"modified":"2020-09-20T05:09:54","modified_gmt":"2020-09-20T05:09:54","slug":"rencontre-montagne-grenoble-2011","status":"publish","type":"post","link":"http:\/\/bauclassroom.com\/info\/2020\/09\/22\/rencontre-montagne-grenoble-2011\/","title":{"rendered":"Rencontre Montagne Grenoble 2011"},"content":{"rendered":"<p> <img decoding=\"async\" src=\"http:\/\/www.speleomag.com\/wp-content\/uploads\/affiche-2012-A3-v2.jpg\" alt=\"rencontre montagne grenoble 2011\" align=\"left\"> <img decoding=\"async\" src=\"http:\/\/4.bp.blogspot.com\/-5tz0kgH2GjY\/TjXPbLj8dPI\/AAAAAAAABHQ\/TH4NerezRvI\/s1600\/Theatre-Dakh-Groupe-DakhaBrakha--UKRAINE.jpg\" alt=\"rencontre montagne grenoble 2011\" align=\"center\"> 16, 17 et 18 novembre 2012 : Colommiers-Festival BD Juillet 2014 : HDR dEmilie Janots ISTerre Grenoble Pr\u00e9sident de Jury Quant aux refuges, la majorit\u00e9 des alpinistes estime quils ne doivent pas devenir des h\u00f4tels daltitude, ce qui leur para\u00eet \u00eatre la tendance actuelle. N\u00e9anmoins, sils \u00e9taient plus confortables ne permettraient-ils pas de rendre la montagne plus accessible et moins \u00e9litiste, sinterrogent certains? Dautres se demandent au contraire si un peu moins de confort ne les rendrait pas moins chers donc plus accessibles? Quoiquil en soit, dans les deux cas la r\u00e9glementation, identique pour les refuges et les h\u00e9bergements de plaine, est jug\u00e9e comme une aberration et doit \u00eatre assouplie. Mark Webster est homme dimage et de plume. Il a cr\u00e9\u00e9 lassociation FAB, Free Art Bureau pour les artistes et designers cr\u00e9ant avec des id\u00e9es, du code et des technologies dopen source. <img decoding=\"async\" src=\"http:\/\/2.bp.blogspot.com\/-iw66df-SqY8\/TanYzdyQhVI\/AAAAAAAAKpA\/6Rty3y-4yoI\/s1600\/EnotecaTuri.jpg\" alt=\"rencontre montagne grenoble 2011\" align=\"center\"> Les 14e Rencontres du cin\u00e9ma de montagne de Grenoble Rencontres RD 2016-Centre National de Recherches M\u00e9t\u00e9orologiques  Heureusement que je nattends pas de pr\u00e9senter un film pour rentrer chez moi parce que ma femme ferait la gueule r\u00e9pond Sami Bouajila \u00e0 un journaliste qui lui demande si la promo \u00e0 Grenoble est loccasion de repasser par la maison. Lacteur \u00e9chirollois.. Tr\u00e8s discret sur le sujet des accusations \u00e0 son encontre depuis l\u00e9clatement de laffaire en septembre, Patrick Bruel est rest\u00e9 sur le devant de la sc\u00e8ne. Aujourdhui en cure pour se ressourcer et faire du sport, il vient m\u00eame dannoncer deux dates suppl\u00e9mentaires \u00e0 sa tourn\u00e9e, \u00e0 Lille et \u00e0 Amiens. Les accusations dont il fait lobjet ces derniers mois nont visiblement en rien alt\u00e9r\u00e9 lamour inconditionnel de ses fans, en t\u00e9moignent les salles de concert syst\u00e9matiquement combles dans lesquelles Patrick Bruel se produit. Rencontre avec Fabrice ANDRE gestionnaire du site, Visite du refuge et des installations, explication des innovations et du moteur \u00e0 d\u00e9gravitation magn\u00e9tique.  Activit\u00e9s organis\u00e9es au d\u00e9part de Paris dans toute la France et m\u00eame au del\u00e0 : semaines, week-ends et week-ends prolong\u00e9s en alpinisme, cascade de glace, randonn\u00e9e p\u00e9destre, ski hors piste, ski de randonn\u00e9e, ski de fond, raquettes \u00e0 neige, sp\u00e9l\u00e9ologie. De ski-alpinisme, mode demploi, Montagnes Magazine, N devoluy : film un peu plus amateur mais tr\u00e8s bien fait tout de m\u00eame, qui commence tout doux et fini en base jump. Cest agr\u00e9able \u00e0 regarder, cest pluridisciplinaire et juste \u00e0 cot\u00e9! Campagne d\u00e9chantillonnage et v\u00e9rification des d\u00e9terminations de criquets des environs du Lautaret, suivant un protocole pr\u00e9cis ; r\u00e9colte de leurs f\u00e9c\u00e8s, pour \u00e9tudier leur r\u00e9gime alimentaire et les interactions criquets-flore, juillet et septembre 2008 Programme VISTA. Les intervenants \u00e9lus de montagne, repr\u00e9sentants des minist\u00e8res en charge de lenvironnement et du tourisme, pr\u00e9sidents de club de montagne et de commission pour la protection des Alpes, guides, alpinistes, gardiens de refuges, chercheurs ou entrepreneurs ont \u00e9t\u00e9 interpell\u00e9s en direct, via un jeu de questions-r\u00e9ponses avec le public. Articles, rapports et notes techniques, actes de colloques L\u00e9quipe de 50 au P\u00e9rou vainqueur du Grand Prix 2013, sur la sc\u00e8ne des Rencontres Cin\u00e9 Montagne de Grenoble Premi\u00e8res Rencontres dEducation Th\u00e9rapeutique du Patient en r\u00e9gion Rh\u00f4ne Alpes Sans mon Master 2 Droit de la Montagne en poche, je ne suis pas persuad\u00e9 que jaurai pu \u00e9crire ces quelques lignes. Ceut \u00e9t\u00e9 dommage.<\/p>\n","protected":false},"excerpt":{"rendered":"<p>rencontre montagne grenoble 2011<\/p>\n","protected":false},"author":1,"featured_media":0,"comment_status":"closed","ping_status":"closed","sticky":false,"template":"","format":"standard","meta":{"footnotes":""},"categories":[1],"tags":[],"_links":{"self":[{"href":"http:\/\/bauclassroom.com\/info\/wp-json\/wp\/v2\/posts\/1659"}],"collection":[{"href":"http:\/\/bauclassroom.com\/info\/wp-json\/wp\/v2\/posts"}],"about":[{"href":"http:\/\/bauclassroom.com\/info\/wp-json\/wp\/v2\/types\/post"}],"author":[{"embeddable":true,"href":"http:\/\/bauclassroom.com\/info\/wp-json\/wp\/v2\/users\/1"}],"replies":[{"embeddable":true,"href":"http:\/\/bauclassroom.com\/info\/wp-json\/wp\/v2\/comments?post=1659"}],"version-history":[{"count":1,"href":"http:\/\/bauclassroom.com\/info\/wp-json\/wp\/v2\/posts\/1659\/revisions"}],"predecessor-version":[{"id":1660,"href":"http:\/\/bauclassroom.com\/info\/wp-json\/wp\/v2\/posts\/1659\/revisions\/1660"}],"wp:attachment":[{"href":"http:\/\/bauclassroom.com\/info\/wp-json\/wp\/v2\/media?parent=1659"}],"wp:term":[{"taxonomy":"category","embeddable":true,"href":"http:\/\/bauclassroom.com\/info\/wp-json\/wp\/v2\/categories?post=1659"},{"taxonomy":"post_tag","embeddable":true,"href":"http:\/\/bauclassroom.com\/info\/wp-json\/wp\/v2\/tags?post=1659"}],"curies":[{"name":"wp","href":"https:\/\/api.w.org\/{rel}","templated":true}]}}