{"id":1677,"date":"2020-09-22T02:43:58","date_gmt":"2020-09-22T02:43:58","guid":{"rendered":"http:\/\/bauclassroom.com\/info\/?p=1677"},"modified":"2020-09-20T05:56:06","modified_gmt":"2020-09-20T05:56:06","slug":"rencontre-internationale-berck","status":"publish","type":"post","link":"http:\/\/bauclassroom.com\/info\/2020\/09\/22\/rencontre-internationale-berck\/","title":{"rendered":"Rencontre Internationale Berck"},"content":{"rendered":"<p>Affaire Isoird : rendez-vous avec la mort Affaire Mistler : mortel libertinage Une balade le long de lesplanade et sur la plage qui ne manque pas de charme surtout si le soleil pointe le bout de son nez! L\u00e9quipe Cerfs-Volants Folie lors de la 26 e rencontre internationale des Cerfs-volants en 2012 Limpact du port des chaussettes sur la libido.. Des articles techniques et rend compte des comparatifs effectu\u00e9s sur les divers \u00e9quipements. Cette page a \u00e9t\u00e9 imprim\u00e9e depuis le site Pas-de-Calais le D\u00e9partement new-dev.pasdecalais.fr le 13 juin 2020 \u00e0 14:37 Description sur Rencontres Internationales de Cerfs-Volants de Berck-sur-Mer <img decoding=\"async\" src=\"http:\/\/www.tanamako.fr\/annonces\/adpics\/58a5a057d20085c83078241fc.jpg\" alt=\"rencontre internationale berck\" align=\"center\"> Le masque restera obligatoire sous peine damende en Espagne une fois le d\u00e9confinement achev\u00e9 Coronavirus: annulation des 34e rencontres de cerfs-volants de Berck-sur-Mer  Jaccepte de recevoir des communications de la part de notre groupe Berck-sur-Mer : cest parti pour les 32e Rencontres internationales de cerfs-volants vid\u00e9o RENCONTRES INTERNATIONALES du 31 mars au 9 avril 2007 Cerfs-volants de Berck-sur-Mer : dites 33-R\u00e9gion Hauts-de-France <img decoding=\"async\" src=\"http:\/\/idata.over-blog.com\/2\/94\/63\/23\/Annee2010\/Avril2010\/Berck\/image008.jpg\" alt=\"rencontre internationale berck\" align=\"center\"> Ce rendez-vous unique au monde c\u00e9l\u00e8bre son 34\u00e8me anniversaire au coeur du th\u00e9\u00e2tre baln\u00e9aire naturel de Berck-sur-Mer. Le Premier ministre et le gouvernement ont annonc\u00e9 la deuxi\u00e8me phase du d\u00e9confinement avec la r\u00e9ouverture de tous les \u00e9tablissements situ\u00e9s en zone verte \u00e0 partir du 2 juin. Le rectorat de lacad\u00e9mie de Strasbourg sest pr\u00e9cipit\u00e9 sur loccasion pour convoquer notre camarade Yann \u00e0 une commission consultative paritaire le 1er juillet \u00e0 10h dans le cadre de la proc\u00e9dure de licenciement dont il fait lobjet. Voici quelques images color\u00e9es de l\u00e9v\u00e8nement, pour le plus grand plaisir des photographes. Berck-sur-Mer: 33e Rencontres Internationales de Cerfs-Volants Apr\u00e8s avoir travers\u00e9 un cerf-volant Chlo\u00e9 _mysweetescape_  Lactivit\u00e9 est gratuite, comme presque toutes celles mentionn\u00e9es dans larticle et propos\u00e9es \u00e0 Berck, et vous pouvez r\u00e9cup\u00e9rer la photo sur les R\u00e9seaux Sociaux, ce qui constitue un joli souvenir, non? Pour la petite anecdote, Berck-sur-Mer est le berceau de la photographie a\u00e9rienne. Le clin d\u0153il est sympathique!  <img decoding=\"async\" src=\"http:\/\/phrnl.rosselcdn.net\/sites\/default\/files\/imagecache\/vdn_photo_principale_article\/articles\/ophotos\/20180622\/1098665699_B9716123368Z.1_20180622185612_000_GEFBI3EOT.1-0.jpg\" alt=\"rencontre internationale berck\" align=\"right\">.<\/p>\n","protected":false},"excerpt":{"rendered":"<p>rencontre internationale berck<\/p>\n","protected":false},"author":1,"featured_media":0,"comment_status":"closed","ping_status":"closed","sticky":false,"template":"","format":"standard","meta":{"footnotes":""},"categories":[1],"tags":[],"_links":{"self":[{"href":"http:\/\/bauclassroom.com\/info\/wp-json\/wp\/v2\/posts\/1677"}],"collection":[{"href":"http:\/\/bauclassroom.com\/info\/wp-json\/wp\/v2\/posts"}],"about":[{"href":"http:\/\/bauclassroom.com\/info\/wp-json\/wp\/v2\/types\/post"}],"author":[{"embeddable":true,"href":"http:\/\/bauclassroom.com\/info\/wp-json\/wp\/v2\/users\/1"}],"replies":[{"embeddable":true,"href":"http:\/\/bauclassroom.com\/info\/wp-json\/wp\/v2\/comments?post=1677"}],"version-history":[{"count":1,"href":"http:\/\/bauclassroom.com\/info\/wp-json\/wp\/v2\/posts\/1677\/revisions"}],"predecessor-version":[{"id":1678,"href":"http:\/\/bauclassroom.com\/info\/wp-json\/wp\/v2\/posts\/1677\/revisions\/1678"}],"wp:attachment":[{"href":"http:\/\/bauclassroom.com\/info\/wp-json\/wp\/v2\/media?parent=1677"}],"wp:term":[{"taxonomy":"category","embeddable":true,"href":"http:\/\/bauclassroom.com\/info\/wp-json\/wp\/v2\/categories?post=1677"},{"taxonomy":"post_tag","embeddable":true,"href":"http:\/\/bauclassroom.com\/info\/wp-json\/wp\/v2\/tags?post=1677"}],"curies":[{"name":"wp","href":"https:\/\/api.w.org\/{rel}","templated":true}]}}