{"id":1753,"date":"2020-09-22T21:00:18","date_gmt":"2020-09-22T21:00:18","guid":{"rendered":"http:\/\/bauclassroom.com\/info\/?p=1753"},"modified":"2020-09-20T07:56:38","modified_gmt":"2020-09-20T07:56:38","slug":"ateliers-de-rencontres-musicales","status":"publish","type":"post","link":"http:\/\/bauclassroom.com\/info\/2020\/09\/22\/ateliers-de-rencontres-musicales\/","title":{"rendered":"Ateliers De Rencontres Musicales"},"content":{"rendered":"<p>Les artistes, musicien-ne-s, compositeur-trice-s issus de la sc\u00e8ne jazz, symphonique, \u00e9lectroacoustique, de la po\u00e9sie sonore ou des musiques orientales, nous invitent \u00e0 la rencontre de leurs univers musicaux, \u00e0 loccasion de concerts, installations sonores, cr\u00e9ations in situ et moments d\u00e9changes.. Une immersion dans la pluralit\u00e9 des mondes sonores, ouverte \u00e0 tous! probl\u00e8mes maj eu r s rencontr\u00e9s p a r lindus tr i e musicale, l es mesures.. Ateliers De Rencontres Musicales-Association culturelle, 18 rue Paul C\u00e9zanne 69330 Meyzieu-Adresse, Horaire Nous \u00e0 chaque \u00e9l\u00e8ve de s\u00e9panouir \u00e0 son rythme, sans esprit de comp\u00e9tition, ni jugement de valeur. Cest pourquoi il ny a pas de niveau denseignement, et donc pas dexamen de passage au niveau sup\u00e9rieur. <img decoding=\"async\" src=\"http:\/\/www.em-sl.fr\/wp-content\/uploads\/2018\/03\/rencontre-musicale-luc%C3%A9enne-e1521475179244.jpg\" alt=\"ateliers de rencontres musicales\" align=\"right\"> Cette \u0153uvre dun seul tenant est une m\u00e9ditation active et physiquement engag\u00e9e sugg\u00e9r\u00e9e par le po\u00e8me. Ce dernier regorge de paradoxes et nous renvoie aux n\u00f4tres ; \u00e9tonnante prose dun noble tr\u00e8s puissant, \u00e0 labri des besoins, qui livre sa fragilit\u00e9, se met \u00e0 nu. Jai con\u00e7u l\u0153uvre pour pouvoir \u00eatre interpr\u00e9t\u00e9e par un quatuor \u00e0 cordes ou un ensemble de cordes, \u00e0 quatre parties. La participation aux ateliers des Rencontres Musicales est libre, chacun met ce quil veut dans le chapeau au d\u00e9but de chaque atelier.-dassurer le d\u00e9veloppement et de favoriser le rayonnement du Festival Flam Tout au long de lann\u00e9e laction culturelle de La Car\u00e8ne met en place de nombreux ateliers et rencontres musicales \u00e0 lh\u00f4pital. Les enfants suivis en p\u00e9dopsychiatrie \u00e0 lH\u00f4pital de jour Saint Pol Roux b\u00e9n\u00e9ficient dateliers collectifs ou individuels, tandis que des d\u00e9ambulations musicales sont propos\u00e9es au b\u00e2timent 5 de lH\u00f4pital Morvan, la m\u00e8re et lenfant. Des stages sont \u00e9galement organis\u00e9s pour les usagers du SESSAD Autisme. G\u00e9n\u00e9ratrices d\u00e9motion, vectrices de sensible, rencontres improbables entre deux univers, les musiques actuelles \u00e0 lh\u00f4pital soutiennent les patients comme les familles dans un moment particulier. En naviguant sur ce site, vous acceptez lutilisation de cookies permettant d\u00e9tablir des statistiques de fr\u00e9quentation et ainsi am\u00e9liorer lint\u00e9r\u00eat et lergonomie de nos services.  Les Adem se joignent \u00e0 la TSR et \u00e0 lAMR afin de redonner de la voix aux musicien.e.s en ces temps de morosit\u00e9 covidienne. Car le tristement c\u00e9l\u00e8bre virus, d\u00e9clin\u00e9 \u00e0 toutes les sauces, na sans aucun doute que trop envahi notre quotidien au point de nous faire aujourdhui quelque peu d\u00e9laisser ces grand.e.s porteur.se.s de r\u00eaves et d\u00e9vasion que sont les artistes. Vendredi 15 juillet, 18h \u00c9glise Saint C\u00e9saire entr\u00e9e libre Rencontres musicales. Latelier des jeunes sur sc\u00e8ne mercredi et jeudi <img decoding=\"async\" src=\"http:\/\/www.festival-des-montagnes-du-matin.com\/wp-content\/uploads\/2017\/02\/atelier-pedagogique-musical-balbigny-085.jpg\" alt=\"ateliers de rencontres musicales\" align=\"center\"> ENGLISH Since 1991, a small French festival has been attracting. V\u00e9zelay. Basilique Sainte-Marie-Madeleine 18-VIII-2016. Claudio Monteverdi 1567-1643 : Les V\u00eapres de la Vierge. Arsys Bourgogne, Acad\u00e9mie dArsys Bourgogne, Ensemble La F\u00e9nice ; Mih\u00e1ly Zeke, direction. Les Rencontres f\u00eateront leurs vingt ans lan prochain. Le programme est d\u00e9j\u00e0 en grande partie cal\u00e9, surtout pour les grands concerts de 16 heures et 21 heures, glisse Fran\u00e7ois Delagoutte, l, pour qui la prochaine \u00e9dition sera la premi\u00e8re quil pr\u00e9pare enti\u00e8rement la programmation de cette ann\u00e9e avait \u00e9t\u00e9 laiss\u00e9e par. Mardi, mercredi ou samedi cr\u00e9neaux horaires disponibles au s ecr\u00e9tariat Les rencontres musicales organis\u00e9es par lEducation Nationale, se sont d\u00e9roul\u00e9es \u00e0 Caudecoste o\u00f9 la municipalit\u00e9 mettait gracieusement les installations \u00e0 la disposition de Sylvie P\u00e9nidon et Lise Micheloni, conseill\u00e8res p\u00e9dagogiques en \u00e9ducation musicale. Quatre cents \u00e9l\u00e8ves de 16 classes des 3 cycles de lenseignement primaire \u00e9taient concern\u00e9s, et leurs ma\u00eetres au premier chef. Des interventions des papis et mamies de lEHPAD la Ven\u00e7oise-qui participeront activement dans ces instants ateliers pour faciliter la rencontre des g\u00e9n\u00e9rations et partager des instants de jeux dinitiation et de d\u00e9couvertes! <img decoding=\"async\" src=\"http:\/\/atelierproduction-inasup.com\/wp-content\/uploads\/Eric-Schulz.png\" alt=\"ateliers de rencontres musicales\" align=\"center\"> La fl\u00fbte \u00e0 bec permet de travailler le souffle et la respiration, la coordination et la dext\u00e9rit\u00e9, en plus de la formation musicale, comme les autres instruments.  Sam 16 septembre \u00e0 17h, Mus\u00e9e Claude Debussy, St-Germain-en-Laye. Alto : Camille Bonamy, Gabriel Defever, Jean-Baptiste Souchon, Paul Zientara  Forum des Associations Listrac-M\u00e9doc publi\u00e9 par Josiane le 24 ao\u00fbt 2014.<\/p>\n","protected":false},"excerpt":{"rendered":"<p>ateliers de rencontres musicales<\/p>\n","protected":false},"author":1,"featured_media":0,"comment_status":"closed","ping_status":"closed","sticky":false,"template":"","format":"standard","meta":{"footnotes":""},"categories":[1],"tags":[],"_links":{"self":[{"href":"http:\/\/bauclassroom.com\/info\/wp-json\/wp\/v2\/posts\/1753"}],"collection":[{"href":"http:\/\/bauclassroom.com\/info\/wp-json\/wp\/v2\/posts"}],"about":[{"href":"http:\/\/bauclassroom.com\/info\/wp-json\/wp\/v2\/types\/post"}],"author":[{"embeddable":true,"href":"http:\/\/bauclassroom.com\/info\/wp-json\/wp\/v2\/users\/1"}],"replies":[{"embeddable":true,"href":"http:\/\/bauclassroom.com\/info\/wp-json\/wp\/v2\/comments?post=1753"}],"version-history":[{"count":1,"href":"http:\/\/bauclassroom.com\/info\/wp-json\/wp\/v2\/posts\/1753\/revisions"}],"predecessor-version":[{"id":1754,"href":"http:\/\/bauclassroom.com\/info\/wp-json\/wp\/v2\/posts\/1753\/revisions\/1754"}],"wp:attachment":[{"href":"http:\/\/bauclassroom.com\/info\/wp-json\/wp\/v2\/media?parent=1753"}],"wp:term":[{"taxonomy":"category","embeddable":true,"href":"http:\/\/bauclassroom.com\/info\/wp-json\/wp\/v2\/categories?post=1753"},{"taxonomy":"post_tag","embeddable":true,"href":"http:\/\/bauclassroom.com\/info\/wp-json\/wp\/v2\/tags?post=1753"}],"curies":[{"name":"wp","href":"https:\/\/api.w.org\/{rel}","templated":true}]}}