{"id":1887,"date":"2020-09-22T03:11:40","date_gmt":"2020-09-22T03:11:40","guid":{"rendered":"http:\/\/bauclassroom.com\/info\/?p=1887"},"modified":"2020-09-20T11:00:39","modified_gmt":"2020-09-20T11:00:39","slug":"rencontre-montagne","status":"publish","type":"post","link":"http:\/\/bauclassroom.com\/info\/2020\/09\/22\/rencontre-montagne\/","title":{"rendered":"Rencontre Montagne"},"content":{"rendered":"<p>Les 2019 auront lieu au Palais des sports, le 8 novembre pour les scolaires et le 9 novembre pour le grand public. Rencontre Montagne Partag\u00e9e : quand les sommets riment avec solidarit\u00e9 Rendez-vous est donn\u00e9 \u00e0 la Grave, samedi 7 septembre, par lassociation 82-4000 solidaires, cr\u00e9\u00e9e pour partager lalpinisme avec les plus d\u00e9munis. Pour cette 4\u00e8me Rencontre de la montagne partag\u00e9e, tentez lexp\u00e9rience et prenez place dans une cord\u00e9e inoubliable!  lecture chr\u00e9tienne de la soci\u00e9t\u00e9 et de lactualit\u00e9. This website is using a security service to protect itself from online attacks. The action you just performed triggered the security solution. There are several actions that could trigger this block including submitting a certain word or phrase, a SQL command or malformed data. Cap \u00e0 lEst avec avec Tiphaine Duperier et Boris Langenstein pour Ski \u00e0 8 000, ou encore Elisabeth Revol avec les alpinistes polonais Krzysztof Wielicki et Adam Bielecki pour lavant-premi\u00e8re du film The Last Mountain et en signature pour son livre Vivre. Festival international Film Montagne Autrans Festival International du Film de Montagne dAutrans Participez avec le gestionnaire du site \u00e0 lenl\u00e8vement de la zone de d\u00e9fens estivale, install\u00e9e pour emp\u00eacher les moutons de p\u00e9n\u00e9trer dans le secteur de reproduction du T\u00e9tras lyre. Festival de musique, projection de films, ateliers nature, spectacles de rue, championnat en tout genre, d\u00e9monstrations sportives, visites de village, conf\u00e9rence du Parc des Ecrins et jen passe S\u00e9minaire port\u00e9 par la Coordination Montagne et soutenu par ses partenaires financiers <img decoding=\"async\" src=\"http:\/\/boutique.mercantour.eu\/img\/p\/7\/6\/76-thickbox_default.jpg\" alt=\"rencontre montagne\" align=\"center\">   <img decoding=\"async\" src=\"http:\/\/824000.org\/wp-content\/uploads\/2017\/06\/7octobre.png\" alt=\"rencontre montagne\" align=\"right\"> Le Quattro repr\u00e9sente de lieu id\u00e9al pour vivre les exploits grandeur nature des aventuriers des cimes. Ce rendez-vous permet au public de rencontrer les acteurs et r\u00e9alisateurs des films dans une ambiance conviviale et chaleureuse. La remise de deux prix : Le prix de la Cin\u00e9math\u00e8que de Montagne et le prix de coup de coeur du jury, cl\u00f4ture ces rencontres en r\u00e9compensant : les deux meilleurs films diffus\u00e9s. R\u00e9alisation : Antoine Boisselier, Christophe Tong Viet et Jeremie Chenal Universit\u00e9 Paris Diderot u-paris.fr \u00c0 la montagne ou \u00e0 la mer, en colloque, en conf\u00e9rence ou en rencontre : les p\u00e9r\u00e9grinations des physiciens <img decoding=\"async\" src=\"http:\/\/densite-escalade.fr\/wp-content\/uploads\/2015\/01\/05-rencontre-des-peintres-de-montagne.jpg\" alt=\"rencontre montagne\" align=\"left\"> 71 Boulevard Fran\u00e7ois Mitterrand, 63000 Clermont-Ferrand, France Quel acc\u00e8s au loisir et \u00e0 la culture, lexp\u00e9rience dune grande association, V\u00e9ronique FAYET, pr\u00e9sidente du Secours Catholique.<\/p>\n","protected":false},"excerpt":{"rendered":"<p>rencontre montagne<\/p>\n","protected":false},"author":1,"featured_media":0,"comment_status":"closed","ping_status":"closed","sticky":false,"template":"","format":"standard","meta":{"footnotes":""},"categories":[1],"tags":[],"_links":{"self":[{"href":"http:\/\/bauclassroom.com\/info\/wp-json\/wp\/v2\/posts\/1887"}],"collection":[{"href":"http:\/\/bauclassroom.com\/info\/wp-json\/wp\/v2\/posts"}],"about":[{"href":"http:\/\/bauclassroom.com\/info\/wp-json\/wp\/v2\/types\/post"}],"author":[{"embeddable":true,"href":"http:\/\/bauclassroom.com\/info\/wp-json\/wp\/v2\/users\/1"}],"replies":[{"embeddable":true,"href":"http:\/\/bauclassroom.com\/info\/wp-json\/wp\/v2\/comments?post=1887"}],"version-history":[{"count":1,"href":"http:\/\/bauclassroom.com\/info\/wp-json\/wp\/v2\/posts\/1887\/revisions"}],"predecessor-version":[{"id":1888,"href":"http:\/\/bauclassroom.com\/info\/wp-json\/wp\/v2\/posts\/1887\/revisions\/1888"}],"wp:attachment":[{"href":"http:\/\/bauclassroom.com\/info\/wp-json\/wp\/v2\/media?parent=1887"}],"wp:term":[{"taxonomy":"category","embeddable":true,"href":"http:\/\/bauclassroom.com\/info\/wp-json\/wp\/v2\/categories?post=1887"},{"taxonomy":"post_tag","embeddable":true,"href":"http:\/\/bauclassroom.com\/info\/wp-json\/wp\/v2\/tags?post=1887"}],"curies":[{"name":"wp","href":"https:\/\/api.w.org\/{rel}","templated":true}]}}