{"id":1893,"date":"2020-09-22T00:57:37","date_gmt":"2020-09-22T00:57:37","guid":{"rendered":"http:\/\/bauclassroom.com\/info\/?p=1893"},"modified":"2020-09-20T11:07:27","modified_gmt":"2020-09-20T11:07:27","slug":"3emes-rencontres-agroalimentaires-mediterraneennes","status":"publish","type":"post","link":"http:\/\/bauclassroom.com\/info\/2020\/09\/22\/3emes-rencontres-agroalimentaires-mediterraneennes\/","title":{"rendered":"3\u00e8mes Rencontres Agroalimentaires M\u00e9diterran\u00e9ennes"},"content":{"rendered":"<p>Nizar Al Fata, Doctorant au CTCPA sera pr\u00e9sent \u00e0 la 30\u00e8me conf\u00e9rence internationale EFFoST \u00e0 Vienne sur le th\u00e8me Technologies cibl\u00e9es pour des syst\u00e8mes alimentaires durables. <img decoding=\"async\" src=\"http:\/\/www.period.giftsfromsd.com\/wp-content\/uploads\/2016\/07\/LAVALISEETE2016.jpg\" alt=\"3\u00e8mes rencontres agroalimentaires m\u00e9diterran\u00e9ennes\" align=\"center\"> Leau dans les proc\u00e9d\u00e9s de transformation et de conservation des aliments 1990 De Bertrand Hervieu, on peut lire notamment sur le site de la Mission Agrobiosciences : 6 \u00e9toiles pour un parrainage dexception qui porte haut les couleurs de la rencontre du partage des cultures culinaires de la M\u00e9diterran\u00e9e! Chaque semaine durant la p\u00e9riode de confinement, un panel de seniors de plus de 60 ans, confin\u00e9s mais connect\u00e9s, est interrog\u00e9 gr\u00e2ce au barom\u00e8tre de  La protection et la gestion durable de ces \u00e9cosyst\u00e8mes constitue le moyen de maintenir et daccro\u00eetre toutes les valeurs quils portent. Ceci est dautant plus n\u00e9cessaire que leur d\u00e9gradation et la perte cons\u00e9quente de biodiversit\u00e9 est \u00e0 la fois facteur et cons\u00e9quence de pauvret\u00e9 dans plusieurs pays du sud et de lest de la M\u00e9diterran\u00e9e. Malheureusement, les questions touchant aux for\u00eats et autres terres bois\u00e9es ont une faible priorit\u00e9 dans les politiques publiques au niveau national, et donc au niveau international. Leur d\u00e9veloppement durable ne b\u00e9n\u00e9ficie pas des moyens humains et financiers n\u00e9cessaires. A cette priorit\u00e9 insuffisante, et li\u00e9e \u00e0 celle-ci, sajoute labsence, \u00e0 quelques exceptions pr\u00e8s, dinstruments ad\u00e9quats dinternalisation des externalit\u00e9s. Biochimie, Biologie Mol\u00e9culaire-Biologie cellulaire  Guillaume SOURRIEU, L\u00e9puisette, Marseille ; Ludovic TURAC, Une Table au Sud, Marseille ; Ren\u00e9 BERGES, La Table de Beaurecueil, Beaurecueil ; Vivien Durand, Le Prince Noir, Lormont ; Issam Rhachi, Le Mandarin Oriental, Marrakech, Maroc Les 18 et 19 juin prochains se tiendra la 10\u00e8me \u00e9dition des Journ\u00e9es Aliments et Sant\u00e9. Les travaux du RMT Nutripr\u00e9vius, auquel le CTCPA participe activement, seront pr\u00e9sent\u00e9s pendant la th\u00e9matique Composition nutritionnelle des aliments. Plus dinformati One hour with our CTCPA expert on FDA procedures to export to the USA, from your office. 28112012 FEUX DE FORET-Pr\u00e9parer sa commune pour pouvoir faire face <img decoding=\"async\" src=\"http:\/\/www.legolaxnd.ga\/2787-home_default\/pantalon-nanna-noir.jpg\" alt=\"3\u00e8mes rencontres agroalimentaires m\u00e9diterran\u00e9ennes\" align=\"left\"> Les 15 et 16 octobre prochains, le CTCPA organise une formation sur les mati\u00e8res grasses en biscuiterie \u00e0 Pessac 33. Informations et inscriptions ici. La conservation des aliments. Probl\u00e9matique g\u00e9n\u00e9rale de la conservation des aliments. Optimisation des techniques actuelles. Nouveaux proc\u00e9d\u00e9s de conservation. Agoral 97-9\u00e8mes rencontres scientifiques et technologiques des industries alimentaires 02041997-03041997, Nancy, France. 1997 \u03c7\u03c1\u03b7\u03c3\u03b7 \u03b1\u03bd\u03b1\u03b2\u03bf\u03bb\u03b9\u03ba\u03c9\u03bd \u03bf\u03c5\u03c3\u03b9\u03c9\u03bd \u03c3\u03c4\u03bf\u03bd \u03b1\u03b8\u03bb\u03b7\u03c4\u03b9\u03c3\u03bc\u03bf \u03b5\u03ba\u03b8\u03b5\u03c3\u03b7 \u03b7\u03c1\u03c9\u03b1\u03c3 \u03c4\u03bf\u03c5 \u03b6\u03b1\u03ba \u03c4\u03b1\u03c4\u03b9 14.00 incl tax La Pr\u00e9fecture des Bouches-du-Rh\u00f4ne vient de publier un guide d\u00e9laboration des Plans Communaux de Sauvegarde, et le CNPFPT organise une formation sur ce th\u00e8me le 6 d\u00e9cembre prochain. La stimulation de processus d\u00e9volution en r\u00e9ponse aux nouveaux modes de s\u00e9lection ; <img decoding=\"async\" src=\"http:\/\/www.coopdefrance-alpesmediterranee.coop\/uploads\/images\/logos\/Cdf-Alpes%20Me%CC%81diterrannee%20pantone.jpg\" alt=\"3\u00e8mes rencontres agroalimentaires m\u00e9diterran\u00e9ennes\" align=\"center\"> Deux heures en direct le 7 f\u00e9vrier prochain avec Patrick Rivi\u00e8re sur loutil dint\u00e9gration des salari\u00e9s non permanents FIRST. Gratuit sur inscription. ECML-WUML : Uncertainty in Machine Learning ECML 2020 workshop La Fondation Assembl\u00e9e des Citoyens et Citoyennes de la M\u00e9diterran\u00e9e Fondation ACMValenciaEspagne r\u00e9uni \u00e0 Casablanca plus de 120 experts et membres de son r\u00e9seau de cercles de citoyens dans tout le domaine de la M\u00e9diterran\u00e9e \u00e0 fin de d\u00e9battre sur les besoins et les outils daction de la citoyennet\u00e9 pour acqu\u00e9rir la paix et le progr\u00e8s dans la r\u00e9gion. Le 29 novembre prochain \u00e0 Grenoble, se tiendra une journ\u00e9e d\u00e9changes et de d\u00e9bats autour la construction de la Convention Interr\u00e9gionale du Massif Alpin CIMA 2014-2020. VSOE2020 : The Second Vietnam Symposium on Advances in Offshore Engineering Chimie-Cristallographie-Chimie inorganique-Mat\u00e9riaux-Physique-Mati\u00e8re Condens\u00e9e-Science des mat\u00e9riaux-Chimie-Physique .<\/p>\n","protected":false},"excerpt":{"rendered":"<p>3\u00e8mes rencontres agroalimentaires m\u00e9diterran\u00e9ennes<\/p>\n","protected":false},"author":1,"featured_media":0,"comment_status":"closed","ping_status":"closed","sticky":false,"template":"","format":"standard","meta":{"footnotes":""},"categories":[1],"tags":[],"_links":{"self":[{"href":"http:\/\/bauclassroom.com\/info\/wp-json\/wp\/v2\/posts\/1893"}],"collection":[{"href":"http:\/\/bauclassroom.com\/info\/wp-json\/wp\/v2\/posts"}],"about":[{"href":"http:\/\/bauclassroom.com\/info\/wp-json\/wp\/v2\/types\/post"}],"author":[{"embeddable":true,"href":"http:\/\/bauclassroom.com\/info\/wp-json\/wp\/v2\/users\/1"}],"replies":[{"embeddable":true,"href":"http:\/\/bauclassroom.com\/info\/wp-json\/wp\/v2\/comments?post=1893"}],"version-history":[{"count":1,"href":"http:\/\/bauclassroom.com\/info\/wp-json\/wp\/v2\/posts\/1893\/revisions"}],"predecessor-version":[{"id":1894,"href":"http:\/\/bauclassroom.com\/info\/wp-json\/wp\/v2\/posts\/1893\/revisions\/1894"}],"wp:attachment":[{"href":"http:\/\/bauclassroom.com\/info\/wp-json\/wp\/v2\/media?parent=1893"}],"wp:term":[{"taxonomy":"category","embeddable":true,"href":"http:\/\/bauclassroom.com\/info\/wp-json\/wp\/v2\/categories?post=1893"},{"taxonomy":"post_tag","embeddable":true,"href":"http:\/\/bauclassroom.com\/info\/wp-json\/wp\/v2\/tags?post=1893"}],"curies":[{"name":"wp","href":"https:\/\/api.w.org\/{rel}","templated":true}]}}