{"id":1913,"date":"2020-09-22T08:50:56","date_gmt":"2020-09-22T08:50:56","guid":{"rendered":"http:\/\/bauclassroom.com\/info\/?p=1913"},"modified":"2020-09-20T11:39:57","modified_gmt":"2020-09-20T11:39:57","slug":"rencontres-philo-uriage","status":"publish","type":"post","link":"http:\/\/bauclassroom.com\/info\/2020\/09\/22\/rencontres-philo-uriage\/","title":{"rendered":"Rencontres Philo Uriage"},"content":{"rendered":"<p>Rencontres Philosophiques dUriage 9\u00e8me \u00e9dition : 12 au 14 octobre 2018  Uriage en Voix : d\u00e9but septembre. Le festival Uriage en Voix sest fait une place au soleil en misant sur des atouts simples et durables : le cadre magnifique du parc dUriage bien s\u00fbr, la gratuit\u00e9 pour tous, et un positionnement dans le temps \u00e0 part. A la sortie de l\u00e9t\u00e9, ce rendez-vous propose \u00e0 un tr\u00e8s large public de partager le dernier week-end avant la rentr\u00e9e dans une ambiance agr\u00e9able et tranquille. Mais attention, cette douceur de vivre nemp\u00eache pas une v\u00e9ritable exigence artistique : La Grande Sophie, Bertrand Belin, Debout sur le Zinc, F\u00e9f\u00e9 et Thomas Fersen comptent parmi les t\u00eates daffiche \u00e0 avoir sign\u00e9 le livre dor ils partagent la sc\u00e8ne pendant 2 jours avec dautres t\u00eates montantes et de joyeuses d\u00e9couvertes Dautres vies dans lunivers? cest la conf\u00e9rence de Jean Schneider donn\u00e9e dans les rencontres de Sophie 2010 R\u00e9sum\u00e9 : Les combats politiques continuent massivement d\u00eatre capt\u00e9s par la figure de lEtat et surtout pour en revendiquer lam\u00e9lioration. En 1978, Foucault annon\u00e7ait pourtant des formes de r\u00e9sistance diff\u00e9rentes, comme dissolutions cr\u00e9atrices et microscopiques de l\u00e9tat des choses. Un des points essentiels de ce d\u00e9placement des r\u00e9sistances implique un lien intime entre \u00e9thique et politique dans la mesure o\u00f9 la gouvernementalit\u00e9 moderne passe par des aller-retour incessants qui lient lindividu \u00e0 la masse et produisent la masse \u00e0 partir des individus. Le n\u0153ud de ce processus de normalisation est la personnalit\u00e9 comme structure r\u00e9gl\u00e9e de lexistence individuelle. Tout d\u00e9placement politique suppose donc un mouvement de d\u00e9prise de soi comme structure de personnalit\u00e9, une d\u00e9personnalisation. Et cela est tout aussi vrai pour les personnalisations militantes v\u00e9cues comme subversives. Ne plus croire en la n\u00e9cessit\u00e9 de ce que nous sommes cens\u00e9s \u00eatre mais dans notre pouvoir de nous changer nous-m\u00eames. Une version  <img decoding=\"async\" src=\"http:\/\/www.grant.planetcollab.com\/4671-large_default\/lave-t%C3%AAte-sur-pied-original-best-buy.jpg\" alt=\"rencontres philo uriage\" align=\"center\"> Une rencontre anim\u00e9e par Martin Legros, r\u00e9dacteur en chef de Philosophie Magazine. Dur\u00e9e : 63 Organis\u00e9es par lOffice de Tourisme et la Soci\u00e9t\u00e9 Alpine de Philosophie, ces Rencontres Philosophiques rassemblent des auteurs contemporains, philosophes ou experts dautres savoirs ouverts au questionnement philosophique. Ce qui nous r\u00e9unit et mobilise le public est la volont\u00e9 dexaminer ou de forger collectivement les cat\u00e9gories intellectuelles qui permettent de juger et dagir aujourdhui. Les gourdins sont trait\u00e9s de mani\u00e8re esth\u00e9tique, cette pr\u00e9occupation doit r\u00e9gner, m\u00eame si le sujet est trash lesth\u00e9tisme est un moyen pour attirer le regard du spectateur Que signifie ob\u00e9ir. Une intervention de Luca Paltrinieri, le dimanche 15 octobre 2017, aux rencontres philosophiques dUriage. UFR de philosophie Universit\u00e9 de Rennes 1 Votre navigateur ne supporte pas JavaScript! Le CARE porte-til une vision du monde? Une conf\u00e9rence de Fabienne Brug\u00e8re 2 contre lhumanisme, mais au nom de lintelligibilit\u00e9 scientifique, les penseurs positivistes, puis \u00e9volutionnistes ont questionn\u00e9 les postulats m\u00e9taphysiques de lhumanisme, en particulier lorsque les dualit\u00e9s sur lesquelles il repose r\u00e9v\u00e8lent \u00e0 lexamen de d\u00e9tail quelles ne sont pas des diff\u00e9rences de nature, mais de degr\u00e9s, ainsi que le r\u00e9v\u00e8le lexplication \u00e9volutionniste de nos pr\u00e9tendus privil\u00e8ges humains raison, conscience, morale, art. Il sagissait en somme de sopposer aux r\u00e9sidus th\u00e9ologiques de lhumanisme, pour mieux servir un humanisme authentiquement d\u00e9barrass\u00e9 de la m\u00e9taphysique et de la religion. Nous vivons une p\u00e9riode particuli\u00e8re qui soul\u00e8ve son lot dinterrogations et dinqui\u00e9tudes. Les 10 m\u00e9diateurs professionnels de la Commission.. Philosophie de la corrida, \u00e9d. Fayard, coll. Histoire de la pens\u00e9e, 2007 ; r\u00e9\u00e9d. Avec une pr\u00e9face in\u00e9dite, coll. Hachette Pluriel, 2011  <img decoding=\"async\" src=\"http:\/\/www.more.wfcrimewatch.com\/upload\/podcasts\/photos\/normal\/5b3ce1fa65e217.32128713_mini.jpg\" alt=\"rencontres philo uriage\" align=\"right\"> les ouvrages en lice pour le prix du jury des amateurs de philosophie,-Atelier philo-art autour de lexpo De Pittau \u00c3 Gervais 2611-Pepinster, 1012-Spa Organis\u00e9 par lassociation Pastoralismes du Monde, ce festival rassemble depuis 1994 tous les acteurs du monde pastoral autour des productions cin\u00e9matographiques et documentaires. Par, Commentaires ferm\u00e9s sur Rencontres philosophiques dUriage 2011 : le mythe de la Justice <img decoding=\"async\" src=\"http:\/\/www.take.christianhydrick.com\/Fiches\/cm2\/geometrie\/images\/cm1-evaluation-addition-2.jpg\" alt=\"rencontres philo uriage\" align=\"center\">.<\/p>\n","protected":false},"excerpt":{"rendered":"<p>rencontres philo uriage<\/p>\n","protected":false},"author":1,"featured_media":0,"comment_status":"closed","ping_status":"closed","sticky":false,"template":"","format":"standard","meta":{"footnotes":""},"categories":[1],"tags":[],"_links":{"self":[{"href":"http:\/\/bauclassroom.com\/info\/wp-json\/wp\/v2\/posts\/1913"}],"collection":[{"href":"http:\/\/bauclassroom.com\/info\/wp-json\/wp\/v2\/posts"}],"about":[{"href":"http:\/\/bauclassroom.com\/info\/wp-json\/wp\/v2\/types\/post"}],"author":[{"embeddable":true,"href":"http:\/\/bauclassroom.com\/info\/wp-json\/wp\/v2\/users\/1"}],"replies":[{"embeddable":true,"href":"http:\/\/bauclassroom.com\/info\/wp-json\/wp\/v2\/comments?post=1913"}],"version-history":[{"count":1,"href":"http:\/\/bauclassroom.com\/info\/wp-json\/wp\/v2\/posts\/1913\/revisions"}],"predecessor-version":[{"id":1914,"href":"http:\/\/bauclassroom.com\/info\/wp-json\/wp\/v2\/posts\/1913\/revisions\/1914"}],"wp:attachment":[{"href":"http:\/\/bauclassroom.com\/info\/wp-json\/wp\/v2\/media?parent=1913"}],"wp:term":[{"taxonomy":"category","embeddable":true,"href":"http:\/\/bauclassroom.com\/info\/wp-json\/wp\/v2\/categories?post=1913"},{"taxonomy":"post_tag","embeddable":true,"href":"http:\/\/bauclassroom.com\/info\/wp-json\/wp\/v2\/tags?post=1913"}],"curies":[{"name":"wp","href":"https:\/\/api.w.org\/{rel}","templated":true}]}}