{"id":2113,"date":"2020-09-23T10:12:37","date_gmt":"2020-09-23T10:12:37","guid":{"rendered":"http:\/\/bauclassroom.com\/info\/?p=2113"},"modified":"2020-09-20T15:50:00","modified_gmt":"2020-09-20T15:50:00","slug":"voix-sud-rencontres","status":"publish","type":"post","link":"http:\/\/bauclassroom.com\/info\/2020\/09\/23\/voix-sud-rencontres\/","title":{"rendered":"Voix Sud Rencontres"},"content":{"rendered":"<p>Pour les conducteurs qui souhaiteraient se doter doptions suppl\u00e9mentaires pour moins cher ou mettre la main sur un v\u00e9hicule rapidement, lentreprise propose sur son site des les Model S et Model X ainsi que des au rabais. Il ne faut cependant pas y voir une mani\u00e8re dobtenir une Tesla \u00e0 prix cass\u00e9 : les offres commencent \u00e0 presque 90 000 euros, soit plus cher que la Model S sans options.  Coup de coeur running : la Nike React Infinity Run Flyknit A.I.R Anim\u00e9 par Olivier Daguerre et Kastagna, deux artistes Voix du Sud, ce stage sadresse \u00e0 tous les publics adultes, sans aucun pr\u00e9requis, et est enti\u00e8rement gratuit. Toutes les informations et lactualit\u00e9 de Voix du Sud sur : <img decoding=\"async\" src=\"http:\/\/www.agencecivilis.fr\/wp-content\/uploads\/bfi_thumb\/Civilis-News-m71hsehiba67uo7tkld41wps0d2rxlbdina86niu0w.jpg\" alt=\"voix sud rencontres\" align=\"right\"> Tout le monde est parti sur lid\u00e9e que les enfants sont fr\u00e9quemment porteurs du virus, quils ne tombent pas malades, mais quils le transmettent. Les premi\u00e8res donn\u00e9es ne vont pas dans ce sens, expliquait encore le Pr Robert Cohen au micro d le 15 avril. Le controvers\u00e9 professeur Didier Raoult fait partie de ceux qui ont appel\u00e9 au calme au sujet du coronavirus chez les enfants. Linfectiologue marseillais, d\u00e9j\u00e0 sur le devant de la sc\u00e8ne pour ses tests contest\u00e9s sur la, a publi\u00e9 lui aussi \u00e0 la m\u00eame p\u00e9riode une \u00e9tude avec son \u00e9quipe qui d\u00e9montrait que les enfants et les adolescents navaient pas une concentration en virus particuli\u00e8rement \u00e9lev\u00e9e et \u00e9taient peu contagieux. Retrouvez toutes les fiches des formations ci dessous. Le concert du mardi 22 octobre vient clore lagenda des restitutions pour les onze participants au mill\u00e9sime 2013 des Ateliers Voix du Sud Voix du Nord. Le groupe ouvrira la soir\u00e9e avant une courte c\u00e9r\u00e9monie de r\u00e9compense de trois des stagiaires des ateliers. En arrivant ici, vous aviez des envies de connaissances sp\u00e9cifiques? 6 jours 15 participants du 25 au 30 ao\u00fbt \u00e0 Astaffort  Jyzzel : Je me rends compte quil y a des choses \u00e0 am\u00e9liorer dans mon \u00e9criture. Jaimerais \u00eatre beaucoup plus efficace, comme me la appris ici J\u00e9r\u00f4me Attal. Moi, jai tendance \u00e0 \u00eatre trop po\u00e9tique ou utiliser trop de m\u00e9taphores. 1 Dani\u00e8le, BLEITRACH, Les Non-align\u00e9s, bref bilan sur une m\u00e9thode, lundi 18 septembre 2006, le grand soir info.com, http:www.legrandsoir.infoarticle.php3?id_articl.. AFP, Sommet des non-align\u00e9s : Castro ne se montre quen photo, 14 septembre 2006, Le Figaro, http:www.lefigaro.frinternational20060914.WWW0.. Dani\u00e8le, BLEITRACH, op.cit. Quant \u00e0 moi, je remercie l\u00e9quipe enti\u00e8re de Voix du Sud, Anne-Claire Galesne et tous les stagiaires pour laccueil qui ma \u00e9t\u00e9 r\u00e9serv\u00e9. Evidemment, je navais plus envie de partir. Evidemment, je reviendrai pour la prochaine session. Arrivez-vous \u00e0 d\u00e9tecter tr\u00e8s vite la p\u00e9pite dun groupe de stagiaires?  <img decoding=\"async\" src=\"http:\/\/solidaires.org\/IMG\/arton4983.png\" alt=\"voix sud rencontres\" align=\"left\"> <img decoding=\"async\" src=\"http:\/\/www.amalion.net\/images\/uploads\/tope-omoniyi.jpg\" alt=\"voix sud rencontres\" align=\"right\"> Un retour du groupe, apr\u00e8s un passage sur le festival de Juh\u00e8gues, pour le bonheur de toutes et tous Avant lui nous avons fait quelques autres travers\u00e9es. Guillo, sa pr\u00e9sence tranquille, sa chaleureuse humanit\u00e9, ouvrant la soir\u00e9e avec une chanson en parfaite harmonie avec celle de Francis Cabrel. La terre, les racines Sentir le vent et voir la mer. Lhomme est en lien avec lenfance et ses possibles, avec une humanit\u00e9 qui souffre. Nous admirons toujours son \u00e9criture subtile, ses points de vue originaux pour nous la signifier. Quelles le\u00e7ons philosophiques tirer de la crise sanitaire en cours? Quelles valeurs pour demain? Quest-ce que le courage? Autant de th\u00e8mes que Fran\u00e7ois Busnel abordera en compagnie de ses quatre invit\u00e9s : les philosophes Andr\u00e9 Comte-Sponville, Cynthia Fleury, Etienne Klein et Marcel Conche. Dans le cadre du concours Si on lisait.. \u00c0 voix haute, la com\u00e9dienne Rachida Brakni livre quelques conseils pour bien lire \u00e0 voix haute. Enfin, les acteurs Guillaume de Tonquedec et Nicolas Brian\u00e7on proposent leurs Lectures confin\u00e9es.<\/p>\n","protected":false},"excerpt":{"rendered":"<p>voix sud rencontres<\/p>\n","protected":false},"author":1,"featured_media":0,"comment_status":"closed","ping_status":"closed","sticky":false,"template":"","format":"standard","meta":{"footnotes":""},"categories":[1],"tags":[],"_links":{"self":[{"href":"http:\/\/bauclassroom.com\/info\/wp-json\/wp\/v2\/posts\/2113"}],"collection":[{"href":"http:\/\/bauclassroom.com\/info\/wp-json\/wp\/v2\/posts"}],"about":[{"href":"http:\/\/bauclassroom.com\/info\/wp-json\/wp\/v2\/types\/post"}],"author":[{"embeddable":true,"href":"http:\/\/bauclassroom.com\/info\/wp-json\/wp\/v2\/users\/1"}],"replies":[{"embeddable":true,"href":"http:\/\/bauclassroom.com\/info\/wp-json\/wp\/v2\/comments?post=2113"}],"version-history":[{"count":1,"href":"http:\/\/bauclassroom.com\/info\/wp-json\/wp\/v2\/posts\/2113\/revisions"}],"predecessor-version":[{"id":2114,"href":"http:\/\/bauclassroom.com\/info\/wp-json\/wp\/v2\/posts\/2113\/revisions\/2114"}],"wp:attachment":[{"href":"http:\/\/bauclassroom.com\/info\/wp-json\/wp\/v2\/media?parent=2113"}],"wp:term":[{"taxonomy":"category","embeddable":true,"href":"http:\/\/bauclassroom.com\/info\/wp-json\/wp\/v2\/categories?post=2113"},{"taxonomy":"post_tag","embeddable":true,"href":"http:\/\/bauclassroom.com\/info\/wp-json\/wp\/v2\/tags?post=2113"}],"curies":[{"name":"wp","href":"https:\/\/api.w.org\/{rel}","templated":true}]}}