{"id":2191,"date":"2020-09-23T02:43:22","date_gmt":"2020-09-23T02:43:22","guid":{"rendered":"http:\/\/bauclassroom.com\/info\/?p=2191"},"modified":"2020-09-20T17:09:07","modified_gmt":"2020-09-20T17:09:07","slug":"rencontres-de-la-photographies-arles","status":"publish","type":"post","link":"http:\/\/bauclassroom.com\/info\/2020\/09\/23\/rencontres-de-la-photographies-arles\/","title":{"rendered":"Rencontres De La Photographies Arles"},"content":{"rendered":"<p>\u00c0 Arles, on vous conseille de rester trois jours pour profiter au mieux des expositions: jaurais tendance \u00e0 ajouter une demi-journ\u00e9e consacr\u00e9e au d\u00e9cryptage dun programme organis\u00e9 en grandes s\u00e9quences qui ont leur pertinence \u00e9ditoriale, mais ne favorisent pas la d\u00e9ambulation sous 38 degr\u00e9s, ressenti 44. Copyright Apprendre-la-photo 2018 R\u00e9alisation Apr\u00e8s un dipl\u00f4me des M\u00e9tiers dart en c\u00e9ramiques, Marine a pass\u00e9 deux ann\u00e9es en r\u00e9sidence dartistes \u00e0 Antibes. Et depuis <img decoding=\"async\" src=\"http:\/\/cdn-europe1.new2.ladmedia.fr\/var\/europe1\/storage\/images\/media\/images\/tautou2\/43128563-1-fre-FR\/tautou2_reference.jpg\" alt=\"rencontres de la photographies arles\" align=\"center\"> De nombreux photographes ont \u00e9t\u00e9 r\u00e9v\u00e9l\u00e9s gr\u00e2ce aux Rencontres dArles, ce qui confirme limportance du festival dans son r\u00f4le de tremplin pour la photographie et la cr\u00e9ation contemporaine. 210 artistes ont \u00e9t\u00e9 expos\u00e9s lors de la 50 e \u00e9dition. 5 entretiens ponctuent cette histoire, avec les t\u00e9moignages de Jean-Maurice Rouquette, Christian Caujolle, Jane Evelyn Atwood, Cl\u00e9ment Ch\u00e9roux, Sam Stourdz\u00e9. Chacun apporte son point de vue sur des moments et des aspects clefs du festival.  Toute La Culture : Comment choisir? Toute La Culture est un magazine dinformation pluridisciplinaire et national. Il regarde notre societ\u00e9 par les yeux des tendances et de la culture. R\u00e9\u00e9couter Arles, \u00e9picentre de la cr\u00e9ation contemporaine? \u00e9couter 59 min 59 min Aujourdhui je vais vous parler de ce que jai aim\u00e9 aux rencontres de la photographie dArles cette ann\u00e9e. Jai trouv\u00e9 cette \u00e9dition un peu en dessous des autres, ce qui est dommage puisque cest l\u00e9dition des 50 ans. Je mattendais \u00e0 ce que ces 50 ans dhistoire soient mis en avant Mais le but de cette vid\u00e9o nat pas de ce concentrer sur le n\u00e9gatif mais plut\u00f4t ce que jai aim\u00e9.  22Si lon peut sinterroger, comme Mi\u00e8ge, sur les termes et les motifs de cette reprise de la parole de lartiste dans les m\u00e9dias, on peut aussi en noter les cons\u00e9quences. Elle influence la tendance \u00e0 lobjectivit\u00e9 du catalogue compos\u00e9 \u00e0 partir des commentaires de lartiste, au d\u00e9triment dun point de vue critique. Elle oriente, uniformise et limite de fait le point de vue adopt\u00e9 par les r\u00e9dacteurs et journalistes disposant de lhypertexte. Dans les textes consacr\u00e9s \u00e0 Marker, laccent est ainsi mis sur les conditions exceptionnelles de la prise photographique et sur les r\u00e9ceptions politiques oppos\u00e9es des photographies ; mais nous napprenons rien de la technique appareils, tirage, des motivations du photographe, des motifs photographi\u00e9s ou de la place originale occup\u00e9e par Marker dans lhistoire de la photographie. Redondance et appauvrissement vont logiquement de pair. RASTIER, Fran\u00e7ois 1989, Sens et textualit\u00e9, Paris, Hachette. Rencontre de recettes traditionnelle et locales, le bistrot du Lou Marqu\u00e8s saura vous transporter dans un voyage gustatif dans une d\u00e9coration sign\u00e9e Christian LACROIX. Nous vous accueillons \u00e9galement sur notre terrasse et sous le tilleul durant la p\u00e9riode estivale. Prix du livre \u00e9crit : Fotograf\u00eda y sociedad en la Espa\u00f1a de Franco Lunwerg <img decoding=\"async\" src=\"http:\/\/scd.rfi.fr\/sites\/filesrfi\/imagecache\/rfi_16x9_1024_578\/sites\/images.rfi.fr\/files\/aef_image\/arles-1_0.jpg\" alt=\"rencontres de la photographies arles\" align=\"center\"> Pour lui. Pour cette guerre. Pou le d\u00e9sir de cette inconnue, la beaut\u00e9 de ce visage. But it is impossible to produce exhibitions and equip the venues. International travel has come to a standstill and public gatherings have been banned for the foreseeable future. Health has become the top priority. All of these factors have led us to reluctantly cancel the 2020 Rencontres dArles. Helen Levitt : Observatrice des rues new-yorkaises Cest un parti-pris documentaire qua adopt\u00e9 Mathieu Asselin pour raconter sa propre perception de la galaxie Monsanto. Publicit\u00e9s vantant les produits de la compagnie, documents darchives, portraits de victimes des produits chimiques et des pesticides fabriqu\u00e9s par lentreprise am\u00e9ricaine : le r\u00e9quisitoire est implacable. Un livre accompagne lexpo. Pour les artistes, les photographes, pour les commissaires dexpositions, pour les Arl\u00e9siennes, pour le public, nous nous devons d\u00eatre l\u00e0 cet \u00e9t\u00e9! Pendant longtemps, je ne men pr\u00e9occupais pas vraiment. Je les d\u00e9veloppais, je les faisais imprimer, surtout pour moi ou pour les gens qui figuraient sur ces photos, en cadeau. Je ne minqui\u00e9tais pas vraiment, pendant les deux ans et demie que \u00e7a a dur\u00e9. Et puis un jour, et \u00e7a a \u00e9t\u00e9 la fin de ma mission, la police criminelle pas la StB, mais bien de la police criminelle ma demand\u00e9 de donner mes photos de la soir\u00e9e pr\u00e9c\u00e9dente. Sur le moment, \u00e7a a \u00e9t\u00e9 tr\u00e8s dur. Ils avaient de bonnes raisons, a priori : je ne sais pas si cest vrai ou pas mais ils mont dit que quelquun, qui \u00e9tait venu au club la veille, avait \u00e9t\u00e9 tu\u00e9. \u00c9galement dans le palais de lArchev\u00each\u00e9, on peut d\u00e9couvrir le travail du photographe autrichien Gregor Sailer qui est inclus dans la s\u00e9quence Les plateformes du visible. Il pr\u00e9sente dans une tr\u00e8s belle mise en sc\u00e8ne un reportage de photos darchitecture intitul\u00e9 Le village Potemkine. Minist\u00e8re de la Culture 182 rue Saint-Honor\u00e9 75001 Paris Depuis 2013, la m\u00e9diath\u00e8que est un fonds audiovisuel d\u00e9di\u00e9 \u00e0 la photographie. V\u00e9ritable prolongement du festival, la m\u00e9diath\u00e8que permet de partager la parole des artistes et des personnalit\u00e9s du monde de la photographie \u00e0 travers des articles illustr\u00e9s et documents audiovisuels. Les Rencontres de la photographie dArles sont annul\u00e9es-rts.ch-Arts visuels <img decoding=\"async\" src=\"http:\/\/www.lepoint.fr\/images\/2014\/11\/15\/lucien-photographe-2923347-jpg_2556914_660x281.JPG\" alt=\"rencontres de la photographies arles\" align=\"right\"> En lespace de quelques ann\u00e9es, les fondateurs du festival nous ont quitt\u00e9s. En voulant perp\u00e9tuer leur esprit de d\u00e9fricheur, nous avons con\u00e7u un programme foisonnant afin de c\u00e9l\u00e9brer le jubil\u00e9 dune aventure qui, en cinquante ans, na rien perdu de sa vitalit\u00e9 et de son acuit\u00e9. .<\/p>\n","protected":false},"excerpt":{"rendered":"<p>rencontres de la photographies arles<\/p>\n","protected":false},"author":1,"featured_media":0,"comment_status":"closed","ping_status":"closed","sticky":false,"template":"","format":"standard","meta":{"footnotes":""},"categories":[1],"tags":[],"_links":{"self":[{"href":"http:\/\/bauclassroom.com\/info\/wp-json\/wp\/v2\/posts\/2191"}],"collection":[{"href":"http:\/\/bauclassroom.com\/info\/wp-json\/wp\/v2\/posts"}],"about":[{"href":"http:\/\/bauclassroom.com\/info\/wp-json\/wp\/v2\/types\/post"}],"author":[{"embeddable":true,"href":"http:\/\/bauclassroom.com\/info\/wp-json\/wp\/v2\/users\/1"}],"replies":[{"embeddable":true,"href":"http:\/\/bauclassroom.com\/info\/wp-json\/wp\/v2\/comments?post=2191"}],"version-history":[{"count":1,"href":"http:\/\/bauclassroom.com\/info\/wp-json\/wp\/v2\/posts\/2191\/revisions"}],"predecessor-version":[{"id":2192,"href":"http:\/\/bauclassroom.com\/info\/wp-json\/wp\/v2\/posts\/2191\/revisions\/2192"}],"wp:attachment":[{"href":"http:\/\/bauclassroom.com\/info\/wp-json\/wp\/v2\/media?parent=2191"}],"wp:term":[{"taxonomy":"category","embeddable":true,"href":"http:\/\/bauclassroom.com\/info\/wp-json\/wp\/v2\/categories?post=2191"},{"taxonomy":"post_tag","embeddable":true,"href":"http:\/\/bauclassroom.com\/info\/wp-json\/wp\/v2\/tags?post=2191"}],"curies":[{"name":"wp","href":"https:\/\/api.w.org\/{rel}","templated":true}]}}