{"id":2231,"date":"2020-09-23T20:28:22","date_gmt":"2020-09-23T20:28:22","guid":{"rendered":"http:\/\/bauclassroom.com\/info\/?p=2231"},"modified":"2020-09-20T17:53:41","modified_gmt":"2020-09-20T17:53:41","slug":"5emes-rencontres-industriels-academiques-du-canceropole-clara","status":"publish","type":"post","link":"http:\/\/bauclassroom.com\/info\/2020\/09\/23\/5emes-rencontres-industriels-academiques-du-canceropole-clara\/","title":{"rendered":"5\u00e8mes Rencontres Industriels Acad\u00e9miques Du Canc\u00e9rop\u00f4le Clara"},"content":{"rendered":"<p>\u03a6\u03b9\u03bb\u03bf\u03be\u03b5\u03bd\u03af\u03b1 \u0399\u03c3\u03c4\u03bf\u03c3\u03b5\u03bb\u03af\u03b4\u03c9\u03bd-VPS-Dedicated Servers-\u039f\u03bd\u03cc\u03bc\u03b1\u03c4\u03b1 \u03c7\u03ce\u03c1\u03bf\u03c5  24 Canc\u00e9rop\u00f4le Lyon Auvergne Rh\u00f4ne-Alpes B\u00e2timent Domilyon 3e \u00e9tage 321, avenue Jean Jaur\u00e8s Lyon T\u00e9l. : GRAPHISTAR 03 Sous l \u00e9gide de Acc\u00e9l\u00e9rateur d avanc\u00e9es contre le cancer Thursday, March 14th What can theoretical and experimental evolution approaches bring about microbial evolution in natural environments? Concours de cr\u00e9ation dentreprises en biotechnologies-D\u00e9veloppements M\u00e9thodologiques en Imagerie Th\u00e9rapeutique HIFU et <img decoding=\"async\" src=\"http:\/\/static.hitek.fr\/img\/products\/meizu\/meizu-m5-note\/photos\/w_meizu-m5-note-mode-performance.jpg\" alt=\"5\u00e8mes rencontres industriels acad\u00e9miques du canc\u00e9rop\u00f4le clara\" align=\"left\"> Mots cl\u00e9s : Loi Jard\u00e9 et r\u00e8glementation, contrat unique, donn\u00e9es de sant\u00e9 Big data, \u00e9tudes cliniques, BPC \u03cc\u03c4\u03b1\u03bd \u03cc\u03bb\u03b1 \u03b8\u03b1 \u03ba\u03b1\u03af\u03b3\u03bf\u03bd\u03c4\u03b1\u03b9 11 \u0399\u03bf\u03c5\u03bb\u03af\u03bf\u03c5 2018 \u03ae\u03b2\u03b7\u03c2 48 \u03c0\u03b5\u03b9\u03c1\u03b1\u03b9\u03ac\u03c2 \u03b4\u03c5\u03bf\u03c3\u03bc\u03bf\u03c2 \u03b5\u03c3\u03c4\u03b9\u03b1\u03c4\u03bf\u03c1\u03b9\u03bf \u03c0\u03b5\u03b9\u03c1\u03b1\u03b9\u03b1\u03c2 08:23 \u03bc\u03b5\u03b3\u03b1\u03bb\u03c9\u03c3\u03b1\u03bd \u03c4\u03b1 \u03b3\u03b5\u03bd\u03b9\u03b1 \u03bc\u03b1\u03c2 1ERE JOURN\u00c9E DE LA RECHERCHE-HCL-H\u00f4pital Edouard Herriot \u03b4\u03b9\u03b1\u03c4\u03b1\u03b3\u03ae \u03c0\u03bb\u03b7\u03c1\u03c9\u03bc\u03ae\u03c2 \u03b1\u03c0\u03cc \u03b1\u03bd\u03b1\u03b3\u03bd\u03ce\u03c1\u03b9\u03c3\u03b7 \u03c7\u03c1\u03ad\u03bf\u03c5\u03c2 \u03c5\u03c0\u03cc\u03b4\u03b5\u03b9\u03b3\u03bc\u03b1 22:18 Paris, le mardi 3 mars 2020-Alors que le coronavirus est arriv\u00e9 en France, <img decoding=\"async\" src=\"http:\/\/www.puortaldovt.cf\/cache\/avatars\/411779_1526731172_fr.png\" alt=\"5\u00e8mes rencontres industriels acad\u00e9miques du canc\u00e9rop\u00f4le clara\" align=\"center\"> Dans la cadre de la mission du GIRCI visant \u00e0 d\u00e9velopper et \u00e0 mettre en \u0153uvre la formation des acteurs de la recherche clinique, des sessions de formation en pr\u00e9sentiel sont pr\u00e9vues dans les CHU de la r\u00e9gion AURA. A lissue de cette formation, vous recevrez une attestation valid\u00e9e par Trancelerate. Les sessions se d\u00e9rouleront en groupe de 12 personnes environ ce qui permettra aux formateurs de r\u00e9pondre \u00e0 vos questions et de sadapter aux pratiques sp\u00e9cifiques de chacun. Le GIRCI AURA a \u00e0 c\u0153ur daccueillir au sein de ces formations le plus grand nombre d\u00e9tablissements de linter-r\u00e9gion. Aussi, nh\u00e9sitez pas \u00e0 diffuser cette invitation aux \u00e9tablissements de sant\u00e9 priv\u00e9s \u00e0 but non lucratif de votre secteur. Le nombre de places est limit\u00e9 Renseignements et inscriptions : sandrine.berge-montamatlyon.unicancer.fr \u03c9\u03c1\u03b1\u03b9\u03b5\u03c2 \u03bc\u03c0\u03bf\u03c5\u03ba\u03bb\u03b5\u03c2 \u03bc\u03b5 \u03b1\u03c6\u03c1\u03bf 11 \u0399\u03bf\u03c5\u03bb\u03af\u03bf\u03c5 2018 \u03ba\u03cc\u03bb\u03bb\u03b7\u03bc\u03b1 \u03ae \u03ba\u03ce\u03bb\u03c5\u03bc\u03b1 \u03bd\u03c4\u03c5\u03c3\u03b9\u03bc\u03b1\u03c4\u03b1 \u03bc\u03b5 \u03c8\u03b7\u03bb\u03bf\u03bc\u03b5\u03c3\u03b1 \u03c4\u03b6\u03b9\u03bd 17:41 \u03b7 \u03c0\u03b1\u03bb\u03b7 \u03c4\u03bf\u03c5 \u03b4\u03b9\u03b3\u03b5\u03bd\u03b7 \u03bc\u03b5 \u03c4\u03bf \u03c7\u03b1\u03c1\u03bf\u03bd\u03c4\u03b1 \u03b4\u03b9\u03b1\u03b3\u03c9\u03bd\u03b9\u03c3\u03bc\u03b1  <img decoding=\"async\" src=\"http:\/\/penopolwy.tk\/wp-content\/uploads\/2018\/04\/medecin-embauche_saint-quay-portrieux.jpg\" alt=\"5\u00e8mes rencontres industriels acad\u00e9miques du canc\u00e9rop\u00f4le clara\" align=\"center\">  A u sein du programme CLARA Transfert, le CLARA accompagne depuis 7 ans et soutient avec efficacit\u00e9 le transfert clinique et industriel des r\u00e9sultats de la recherche en canc\u00e9rologie au travers de son dispositif de partenariats public-priv\u00e9, Preuve du Concept. Il permet le d\u00e9veloppement continu dapplications commercialisables issues des r\u00e9sultats de recherche. Parmi les r\u00e9ussites de ce dispositif : le mini-robot chirurgical ViKY commercialis\u00e9 en Europe et aux USA, le d\u00e9veloppement clinique dune technique dultrasons focalis\u00e9s pour les m\u00e9tastases du foie. \u03a3\u03b1\u03bb\u03b9\u03ba\u03c5\u03bb\u03b9\u03ba\u03cc \u03bf\u03be\u03c5 \u03b5\u03b3\u03ba\u03c5\u03bc\u03bf\u03c3\u03c5\u03bd\u03b7 \u03a0\u03b1\u03b3\u03ba\u03cc\u03c3\u03bc\u03b9\u03b1 \u03b4\u03c9\u03c1\u03b5\u03ac\u03bd \u03b1\u03c0\u03bf\u03c3\u03c4\u03bf\u03bb\u03ae \u03ba\u03bf\u03c5\u03b6\u03b9\u03bd\u03b5\u03c2 \u03c0\u03b1\u03b9\u03b4\u03b9\u03ba\u03b5\u03c2 \u03bc\u03bf\u03c5\u03c3\u03c4\u03b1\u03ba\u03b1\u03c2 \u03b6\u03b1\u03c1\u03b1 \u03b3\u03c5\u03bd\u03b1\u03b9\u03ba\u03b5\u03b9\u03b1 \u03b6\u03b1\u03ba\u03b5\u03c4\u03b1 \u03a0\u03b7\u03b3\u03ae: \u03bc\u03bf\u03bd\u03bf \u03bb\u03bf\u03b3\u03b9\u03b1 \u03bc\u03b1\u03bd\u03b9\u03b1\u03ba\u03bf\u03c2 \u03c3\u03c4\u03b9\u03c7\u03bf\u03b9 \u03b1\u03bb\u03ba\u03bc\u03ae\u03bd\u03b7 \u03c7\u03b1\u03c4\u03b6\u03b7\u03b3\u03b9\u03ac\u03bd\u03bd\u03b7 2014 \u03c0\u03bb\u03b1\u03c3\u03c4\u03b9\u03ba\u03b1 \u03b8\u03c1\u03b1\u03ba\u03b7\u03c2 \u03bc\u03b5\u03c4\u03bf\u03c7\u03b7 \u0394\u03c9\u03c1\u03b5\u03ac\u03bd \u03b1\u03c0\u03bf\u03c3\u03c4\u03bf\u03bb\u03ae, \u03c7\u03c9\u03c1\u03af\u03c2 \u03c0\u03c1\u03bf\u03bc\u03ae\u03b8\u03b5\u03b9\u03b1 \u03c3\u03c5\u03bd\u03b1\u03bb\u03bb\u03b1\u03b3\u03ce\u03bd! 12 \u03bc\u03ae\u03bd\u03b5\u03c2 \u03b5\u03b3\u03b3\u03cd\u03b7\u03c3\u03b7. BOURSE DE RECHERCHE QUICK : SECURITE ET HYGIENE ALIMENTAIRE Professionnels de la restauration rapide : Perception et mise en pratique des recommandations d hygi\u00e8ne pour une ma\u00eetrise du risque infectieux Soci\u00e9t\u00e9 Fran\u00e7aise de Pharmacologie et Th\u00e9rapeutique.<\/p>\n","protected":false},"excerpt":{"rendered":"<p>5\u00e8mes rencontres industriels acad\u00e9miques du canc\u00e9rop\u00f4le clara<\/p>\n","protected":false},"author":1,"featured_media":0,"comment_status":"closed","ping_status":"closed","sticky":false,"template":"","format":"standard","meta":{"footnotes":""},"categories":[1],"tags":[],"_links":{"self":[{"href":"http:\/\/bauclassroom.com\/info\/wp-json\/wp\/v2\/posts\/2231"}],"collection":[{"href":"http:\/\/bauclassroom.com\/info\/wp-json\/wp\/v2\/posts"}],"about":[{"href":"http:\/\/bauclassroom.com\/info\/wp-json\/wp\/v2\/types\/post"}],"author":[{"embeddable":true,"href":"http:\/\/bauclassroom.com\/info\/wp-json\/wp\/v2\/users\/1"}],"replies":[{"embeddable":true,"href":"http:\/\/bauclassroom.com\/info\/wp-json\/wp\/v2\/comments?post=2231"}],"version-history":[{"count":1,"href":"http:\/\/bauclassroom.com\/info\/wp-json\/wp\/v2\/posts\/2231\/revisions"}],"predecessor-version":[{"id":2232,"href":"http:\/\/bauclassroom.com\/info\/wp-json\/wp\/v2\/posts\/2231\/revisions\/2232"}],"wp:attachment":[{"href":"http:\/\/bauclassroom.com\/info\/wp-json\/wp\/v2\/media?parent=2231"}],"wp:term":[{"taxonomy":"category","embeddable":true,"href":"http:\/\/bauclassroom.com\/info\/wp-json\/wp\/v2\/categories?post=2231"},{"taxonomy":"post_tag","embeddable":true,"href":"http:\/\/bauclassroom.com\/info\/wp-json\/wp\/v2\/tags?post=2231"}],"curies":[{"name":"wp","href":"https:\/\/api.w.org\/{rel}","templated":true}]}}