{"id":2289,"date":"2020-09-23T17:39:26","date_gmt":"2020-09-23T17:39:26","guid":{"rendered":"http:\/\/bauclassroom.com\/info\/?p=2289"},"modified":"2020-09-20T19:07:16","modified_gmt":"2020-09-20T19:07:16","slug":"rencontres-formations-metiers-emploi","status":"publish","type":"post","link":"http:\/\/bauclassroom.com\/info\/2020\/09\/23\/rencontres-formations-metiers-emploi\/","title":{"rendered":"Rencontres Formations M\u00e9tiers Emploi"},"content":{"rendered":"<p>LADEFA 65 sera pr\u00e9sente aux salons afin de promouvoir les m\u00e9tiers et les formations en agriculture ainsi que dinformer sur lemploi agricole, avec son service, aupr\u00e8s des coll\u00e9giens et lyc\u00e9ens.  Groupement demployeurs pour linsertion et la qualification : un nouveau mode demplois en alternance dans laide \u00e0 domicile Deux charg\u00e9s dapprentissage transfrontalier de la Bundesagentur f\u00fcr Arbeit vous pr\u00e9sentent les modalit\u00e9s de cette mobilit\u00e9 et de la candidature. De conduir e e t rencontrent d e s obstacles pour exercer cert ai n s m\u00e9tiers. 04062020 Dr\u00f4me : r\u00e9unions sur lapprentissage juin-juillet Webinaires La Chambre de m\u00e9tiers et de lartisanat de la Dr\u00f4me organise des webinaires sur lapprentissage les 10.. <img decoding=\"async\" src=\"http:\/\/www.ville-figeac.fr\/Emploi%20formation\/images%20emploi%20formation\/avril%2016%202.gif\" alt=\"rencontres formations m\u00e9tiers emploi\" align=\"center\"> <img decoding=\"async\" src=\"http:\/\/www.seineouest-entreprise.com\/medias\/images\/500\/forum-emploi-boulogne-2018-def-1.jpg\" alt=\"rencontres formations m\u00e9tiers emploi\" align=\"right\"> Linterview de Val\u00e9rie FAGNOLA responsable de lunit\u00e9 de formation par apprentissage : Pour voir les rencontres m\u00e9tiers d\u00e9j\u00e0 programm\u00e9e, rendez-vous sur l. I nformations et renseignements : P\u00f4le \u00e9conomique et territorial 06-Tel : 04.92.12.53.13-Le Gouvernement se mobilise en cr\u00e9ant une plateforme, port\u00e9e par P\u00f4le emploi, pour soutenir les entreprises des secteurs prioritaires \u00e0 la Nation. Pr\u00e9parer des questions pertinentes pour mieux conna\u00eetre le m\u00e9tier souhait\u00e9 A 5 min du centre ville, au prmier \u00e9tage dune r\u00e9sidence moderne, Apparteme.. Un espace accompagnement proposant un appui aux techniques dentretien, \u00e0 la cr\u00e9ation de CV et de lettre de motivation-apporter \u00e0 tous une information claire et lisible sur les m\u00e9tiers, lemploi et la formation prenant en compte la mixit\u00e9 des m\u00e9tiers et l\u00e9galit\u00e9 professionnelle ; <img decoding=\"async\" src=\"http:\/\/www.missionlocalelyon.fr\/wp-content\/uploads\/2016\/06\/RM-ELS-+-Hote-de-caisse.jpg\" alt=\"rencontres formations m\u00e9tiers emploi\" align=\"center\"> Les \u00e9l\u00e8ves de 8e ann\u00e9e de certaines \u00e9coles et..  correspondant \u00e0 des niveaux de formation bac3 et plus Requ\u00eate la plus fr\u00e9quente dans le dictionnaire anglais : La dirigeante laisse ouverte la r\u00e9flexion que doivent mener les chefs dentreprise entre les b\u00e9n\u00e9fices \u00e9conomiques que la technologie peut apporter et le projet quils portent : une entreprise cest une performance \u00e9conomique, mais cest avant tout un corps social, rappelle-t-elle. Pour Fabienne Dulac, PDG dOrange France, le futur de lemploi ne se construira pas ind\u00e9pendamment du r\u00f4le social de lentreprise. Justine Lamard Un lieu pour travailler ensemble sur la soci\u00e9t\u00e9 de demain Pour cette \u00e9dition 2014, la Ville de Tarbes a souhait\u00e9 cr\u00e9er un partenariat avec STUDYRAMA qui organise des salons \u00e0 destination des \u00e9l\u00e8ves de Terminale et \u00e9tudiants Post bac.  organisent d e s rencontres a v ec les utilisateurs d e s m\u00e9tiers p o ur leur pr\u00e9senter.. A noter \u00e9galement deux autres journ\u00e9es portes ouvertes sera organis\u00e9 le samedi 26 mars de 9h \u00e0 13h et le vendredi 17 mai 2018 de 13h30 \u00e0 18h30. Analyses de lOREF sur linsertion professionnelle et le devenir des dipl\u00f4m\u00e9s n\u00e9o-aquitains.<\/p>\n","protected":false},"excerpt":{"rendered":"<p>rencontres formations m\u00e9tiers emploi<\/p>\n","protected":false},"author":1,"featured_media":0,"comment_status":"closed","ping_status":"closed","sticky":false,"template":"","format":"standard","meta":{"footnotes":""},"categories":[1],"tags":[],"_links":{"self":[{"href":"http:\/\/bauclassroom.com\/info\/wp-json\/wp\/v2\/posts\/2289"}],"collection":[{"href":"http:\/\/bauclassroom.com\/info\/wp-json\/wp\/v2\/posts"}],"about":[{"href":"http:\/\/bauclassroom.com\/info\/wp-json\/wp\/v2\/types\/post"}],"author":[{"embeddable":true,"href":"http:\/\/bauclassroom.com\/info\/wp-json\/wp\/v2\/users\/1"}],"replies":[{"embeddable":true,"href":"http:\/\/bauclassroom.com\/info\/wp-json\/wp\/v2\/comments?post=2289"}],"version-history":[{"count":1,"href":"http:\/\/bauclassroom.com\/info\/wp-json\/wp\/v2\/posts\/2289\/revisions"}],"predecessor-version":[{"id":2290,"href":"http:\/\/bauclassroom.com\/info\/wp-json\/wp\/v2\/posts\/2289\/revisions\/2290"}],"wp:attachment":[{"href":"http:\/\/bauclassroom.com\/info\/wp-json\/wp\/v2\/media?parent=2289"}],"wp:term":[{"taxonomy":"category","embeddable":true,"href":"http:\/\/bauclassroom.com\/info\/wp-json\/wp\/v2\/categories?post=2289"},{"taxonomy":"post_tag","embeddable":true,"href":"http:\/\/bauclassroom.com\/info\/wp-json\/wp\/v2\/tags?post=2289"}],"curies":[{"name":"wp","href":"https:\/\/api.w.org\/{rel}","templated":true}]}}