{"id":2443,"date":"2020-09-24T11:08:17","date_gmt":"2020-09-24T11:08:17","guid":{"rendered":"http:\/\/bauclassroom.com\/info\/?p=2443"},"modified":"2020-09-20T23:20:29","modified_gmt":"2020-09-20T23:20:29","slug":"site-de-rencontre-pour-les-jeunes-de-15-ans","status":"publish","type":"post","link":"http:\/\/bauclassroom.com\/info\/2020\/09\/24\/site-de-rencontre-pour-les-jeunes-de-15-ans\/","title":{"rendered":"Site De Rencontre Pour Les Jeunes De 15 Ans"},"content":{"rendered":"<p>Selon Robert Cohen, les enfants sont globalement moins sensibles aux virus et \u00e0 leurs cons\u00e9quences sur lorganisme, comme on peut lobserver pour des maladies comme la rougeole, la varicelle ou les oreillons, dont les adultes peuvent souffrir de mani\u00e8re autrement plus cons\u00e9quente. Parmi les pistes dexplication cit\u00e9es par le p\u00e9diatre on trouve les r\u00e9cepteurs du virus qui seraient moins nombreux sur leurs muqueuses nasales, le nez qui coule plus souvent et qui jouerait ainsi un r\u00f4le barri\u00e8re, mais aussi la fameuse apport\u00e9e par dautres coronavirus b\u00e9nins.. Les enfants seraient en somme plus entra\u00een\u00e9s et donc plus r\u00e9sistants aux infections selon lui. Etienne Javouhey, chef du service durgences et de r\u00e9animation p\u00e9diatriques du CHU de Lyon, sugg\u00e8re lui aussi que la r\u00e9ponse immunitaire des enfants serait diff\u00e9rente parce quils sont globalement plus expos\u00e9s aux infections virales, ce qui les rendrait plus prompts \u00e0 se d\u00e9fendre face \u00e0 un nouveau virus. Les enfants seraient r\u00e9guli\u00e8rement touch\u00e9s par des virus de la famille des coronavirus, ce qui pourrait leur permettre davoir d\u00e9j\u00e0 des d\u00e9fenses immunitaires adapt\u00e9es. Ils d\u00e9velopperaient des interf\u00e9rons prot\u00e9ines du syst\u00e8me immunitaire qui leur permettraient de se d\u00e9fendre. Etienne Javouhey cite aussi dans Le Monde les vaccinations tr\u00e8s r\u00e9guli\u00e8res qui les prot\u00e9geraient plus que les adultes, en stimulant leur syst\u00e8me immunitaire. Les enfants des personnels indispensables \u00e0 la gestion de la crise sanitaire et \u00e0 la continuit\u00e9 de la vie de la Nation dont les enfants des enseignants. Dans la mesure du possible, il est \u00e9galement tenu compte des \u00e9l\u00e8ves relevant dune m\u00eame fratrie. 85 cas en Meurthe-et-Moselle, 295 cas en Moselle, 66 cas dans les Prix : inscription gratuite et abonnement premium \u00e0 disposition En cette p\u00e9riode de lutte acharn\u00e9e contre la Covid-19 lAcad\u00e9mie fran\u00e7aise tient \u00e0 pr\u00e9ciser quil faut dire la Covid-19, et pas le Covid, la vie priv\u00e9e passe souvent au second plan. Cest notamment le cas de Jean-Michel Blanquer..  <img decoding=\"async\" src=\"http:\/\/images.slideplayer.fr\/2\/498486\/slides\/slide_14.jpg\" alt=\"site de rencontre pour les jeunes de 15 ans\" align=\"left\"> Il sagit donc dun site qui sadresse aux adolescents ayant atteint la majorit\u00e9 ou non. Sortirensemble ne pr\u00e9cise pas la tranche d\u00e2ge requise pour acc\u00e9der au site, mais appelle les membres majeurs \u00e0 respecter les mineurs notamment par rapport aux bonnes m\u0153urs. \u039a\u03b5\u03c1\u03c4\u03b5\u03b6\u03b7 \u03ba\u03b1\u03bb\u03b1\u03b2\u03c1\u03c5\u03c4\u03c9\u03bd \u03c7\u03b1\u03c1\u03c4\u03b7\u03c2 \u0393\u03b9\u03b1 \u03c4\u03b7\u03bd \u03b5\u03b9\u03c3\u03b1\u03b3\u03c9\u03b3\u03ae \u03c0\u03c1\u03bf\u03c2 \u03b4\u03b9\u03b1\u03c0\u03c1\u03b1\u03b3\u03bc\u03ac\u03c4\u03b5\u03c5\u03c3\u03b7 \u03c3\u03c4\u03b7\u03bd \u039a\u03cd\u03c1\u03b9\u03b1 \u0391\u03b3\u03bf\u03c1\u03ac \u03c4\u03bf\u03c5 \u03a7\u03c1\u03b7\u03bc\u03b1\u03c4\u03b9\u03c3\u03c4\u03b7\u03c1\u03af\u03bf\u03c5 \u0391\u03b8\u03b7\u03bd\u03ce\u03bd \u03c4\u03bf\u03c5 \u03c3\u03c5\u03bd\u03cc\u03bb\u03bf\u03c5 \u03c4\u03c9\u03bd \u03ba\u03bf\u03b9\u03bd\u03ce\u03bd \u03bf\u03bd\u03bf\u03bc\u03b1\u03c3\u03c4\u03b9\u03ba\u03ce\u03bd \u03bc\u03b5\u03c4\u03bf\u03c7\u03ce\u03bd \u03c4\u03b7\u03c2 \u0391\u03bd\u03ce\u03bd\u03c5\u03bc\u03b7\u03c2 \u0395\u03c4\u03b1\u03b9\u03c1\u03b5\u03af\u03b1\u03c2 \u03bc\u03b5 \u03c4\u03b7\u03bd \u03b5\u03c0\u03c9\u03bd\u03c5\u03bc\u03af\u03b1 BriQ Properties \u0391\u03bd\u03ce\u03bd\u03c5\u03bc\u03b7 \u0395\u03c4\u03b1\u03b9\u03c1\u03b5\u03af\u03b1 \u0395\u03c0\u03b5\u03bd\u03b4\u03cd\u03c3\u03b5\u03c9\u03bd \u03c3\u03b5 \u0391\u03ba\u03af\u03bd\u03b7\u03c4\u03b7 \u03a0\u03b5\u03c1\u03b9\u03bf\u03c5\u03c3\u03af\u03b1, \u03ae\u03c4\u03bf\u03b9 11.921.531 \u03ba\u03bf\u03b9\u03bd\u03ce\u03bd \u03bf\u03bd\u03bf\u03bc\u03b1\u03c3\u03c4\u03b9\u03ba\u03ce\u03bd \u03bc\u03b5\u03c4\u03bf\u03c7\u03ce\u03bd. Lh\u00f4pital universitaire de la Charit\u00e9 de Berlin a publi\u00e9 \u00e0 la toute fin du mois davril une vaste \u00e9tude sur la charge virale du coronavirus chez 3712 de ses patients positifs au Covid-19, en les r\u00e9partissant en diff\u00e9rentes classes d\u00e2ge. Les r\u00e9sultats, pr\u00e9-publi\u00e9s, montrait alors quil ny avait aucune diff\u00e9rence significative entre les cat\u00e9gories d\u00e2ge, y compris les enfants, ce qui tendait \u00e0 d\u00e9montrer que le coronavirus \u00e9tait tout aussi puissant chez les enfants que chez les adultes. Les donn\u00e9es indiquent que les charges virales chez les tr\u00e8s jeunes enfants ne diff\u00e8rent pas de mani\u00e8re significative de celles des enfants de moins de cinq ans, pr\u00e9cisait par ailleurs l\u00e9tude, qui mettait en garde noir sur blanc contre une r\u00e9ouverture illimit\u00e9e des \u00e9coles et des jardins denfants en Allemagne. Les enfants peuvent \u00eatre aussi contagieux que les adultes, assuraient aussi les m\u00e9decins allemands signataires, qui ont travaill\u00e9 sous la houlette du Dr Christian Drosten, virologue reconnu en Allemagne, conseiller dAngela Merkel sur le virus et initiateur de la tr\u00e8s large politique de tests men\u00e9e dans le pays. Sur la base de ces recommandations, la restauration scolaire est assur\u00e9e en fonction des possibilit\u00e9s des collectivit\u00e9s territoriales et des \u00e9tablissements dans le strict respect du protocole sanitaire d\u00e9fini au niveau national fiche th\u00e9matique Demi-pension du. Un \u00e9tablissement pourrait-il rouvrir en labsence de solution de restauration scolaire? 2020 Google Lieu : Pologne Langue : Fran\u00e7ais Tous les prix incluent : TVA.  <img decoding=\"async\" src=\"http:\/\/www.jecontacte.org\/v3\/k\/h\/o\/vbth\/2293553618_1471021444.jpg\" alt=\"site de rencontre pour les jeunes de 15 ans\" align=\"center\"> le Grand Est en est un. Nous sommes actuellement au stade 3 du plan Door op Aanmelden te klikken ga ik er mee akkoord dat mijn gegeven worden gebruikt voor het versturen van het digitale clubblad. Meest recente berichten Je te facilite la t\u00e2che, il te suffit de cliquer sur ces liens pour partager facilement:  Robert Cohen et Christ\u00e8le Gras-Le Guen comptent parmi les signataires dune tribune dune vingtaine de p\u00e9diatres, publi\u00e9e mercredi 13 mai, qui demande le retour des enfants \u00e0 l\u00e9cole, alors que la quasi-totalit\u00e9 des enfants qui ont \u00e9t\u00e9 infect\u00e9s par le COVID-19 lont \u00e9t\u00e9 au contact dadultes. D autres cadres de la Soci\u00e9t\u00e9 Fran\u00e7aise de P\u00e9diatrie, comme son pr\u00e9sident le Pr Christophe Delacourt et le pr\u00e9sident de son conseil scientifique, le Pr Emmanuel Gonzales, font aussi partie des r\u00e9dacteurs de ce texte. <img decoding=\"async\" src=\"http:\/\/static.hitek.fr\/img\/actualite\/2018\/05\/28\/w_capture-d-e-cran-2018-05-28-a-11-13-08.png\" alt=\"site de rencontre pour les jeunes de 15 ans\" align=\"left\"> Un r\u00e9sident se promenant dans le jardin dun Ehpad, \u00e0 Bordeaux, le 14 avril 2020. Georges Gobet, AFP.<\/p>\n","protected":false},"excerpt":{"rendered":"<p>site de rencontre pour les jeunes de 15 ans<\/p>\n","protected":false},"author":1,"featured_media":0,"comment_status":"closed","ping_status":"closed","sticky":false,"template":"","format":"standard","meta":{"footnotes":""},"categories":[1],"tags":[],"_links":{"self":[{"href":"http:\/\/bauclassroom.com\/info\/wp-json\/wp\/v2\/posts\/2443"}],"collection":[{"href":"http:\/\/bauclassroom.com\/info\/wp-json\/wp\/v2\/posts"}],"about":[{"href":"http:\/\/bauclassroom.com\/info\/wp-json\/wp\/v2\/types\/post"}],"author":[{"embeddable":true,"href":"http:\/\/bauclassroom.com\/info\/wp-json\/wp\/v2\/users\/1"}],"replies":[{"embeddable":true,"href":"http:\/\/bauclassroom.com\/info\/wp-json\/wp\/v2\/comments?post=2443"}],"version-history":[{"count":1,"href":"http:\/\/bauclassroom.com\/info\/wp-json\/wp\/v2\/posts\/2443\/revisions"}],"predecessor-version":[{"id":2444,"href":"http:\/\/bauclassroom.com\/info\/wp-json\/wp\/v2\/posts\/2443\/revisions\/2444"}],"wp:attachment":[{"href":"http:\/\/bauclassroom.com\/info\/wp-json\/wp\/v2\/media?parent=2443"}],"wp:term":[{"taxonomy":"category","embeddable":true,"href":"http:\/\/bauclassroom.com\/info\/wp-json\/wp\/v2\/categories?post=2443"},{"taxonomy":"post_tag","embeddable":true,"href":"http:\/\/bauclassroom.com\/info\/wp-json\/wp\/v2\/tags?post=2443"}],"curies":[{"name":"wp","href":"https:\/\/api.w.org\/{rel}","templated":true}]}}