{"id":2469,"date":"2020-09-24T18:15:59","date_gmt":"2020-09-24T18:15:59","guid":{"rendered":"http:\/\/bauclassroom.com\/info\/?p=2469"},"modified":"2020-09-20T23:55:56","modified_gmt":"2020-09-20T23:55:56","slug":"rencontres-de-l-ecologie-politique","status":"publish","type":"post","link":"http:\/\/bauclassroom.com\/info\/2020\/09\/24\/rencontres-de-l-ecologie-politique\/","title":{"rendered":"Rencontres De L \u00c9cologie Politique"},"content":{"rendered":"<p><img decoding=\"async\" src=\"http:\/\/www.etopia.be\/IMG\/arton1808.jpg\" alt=\"rencontres de l \u00e9cologie politique\" align=\"left\"> Lid\u00e9e dun d\u00e9placement de concert des candidats \u00e9cologiste et socialiste sur le site contest\u00e9 du projet denfouissement des d\u00e9chets radioactifs dans la Meuse a capot\u00e9. Ce sera une simple rencontre \u00e0 Paris. Je reconnais bien lavis \u00e9clair\u00e9 de Henry32 et ses amis qui sont un peu effac\u00e9s sur ce sujet. <img decoding=\"async\" src=\"http:\/\/rebeccarmstrong.net\/wp-content\/uploads\/2012\/06\/tract-19-20-1038x576.jpg\" alt=\"rencontres de l \u00e9cologie politique\" align=\"left\"> Largent est en soit une tr\u00e8s belle invention qui facilite les \u00e9changes. On fonctionne avec des sections locales, mais cest indispensable avant de cr\u00e9er la section de cr\u00e9er un projet sur lequel le groupe va travailler. Par exemple, nous sommes en train de travailler sur un projet \u00e0 Tighassaline, dans la province de Kh\u00e9nifra. On fait un travail avec 30 femmes pour l\u00e9levage de ch\u00e8vres. Et on va cr\u00e9er une coop\u00e9rative de femmes pour permettre de d\u00e9velopper la production de lait et dans un deuxi\u00e8me temps mettre sur pied une fromagerie.  Coordinatrice de la programmation culturelle et artistique  Les rencontres recherche ont accueilli, le 18 mai dernier, Bruno Villalba, professeur en sciences politiques \u00e0 AgroParisTech. Bruno Villalba sest dembl\u00e9e interrog\u00e9 sur la compatibilit\u00e9 dune vision f\u00e9liciste dominante tout va pouvoir continuer comme avant gr\u00e2ce aux progr\u00e8s technologiques avec la r\u00e9alit\u00e9 des contraintes environnementales. La vision f\u00e9liciste est port\u00e9e par les politiques : pour eux, le temps est infini, car cest la politique qui fait en sorte quil puisse se perp\u00e9tuer. Cette perception est selon lui en totale contradiction avec le temps \u00e9cologique marqu\u00e9 par des limites dur\u00e9e de vie des esp\u00e8ces et des irr\u00e9versibilit\u00e9s celle de la biodiversit\u00e9 par exemple. Cette contradiction interroge notre d\u00e9mocratie, soci\u00e9t\u00e9 caract\u00e9ris\u00e9e par une abondance dorigine technique mais fond\u00e9e sur des ressources limit\u00e9es. La discussion sest engag\u00e9e entre la mairie et les opposants \u00e0 labattage des platanes. DDM-Nedir Debbiche <img decoding=\"async\" src=\"http:\/\/www.injep.fr\/sites\/default\/files\/documents\/4erencobs_ban800x800_v1.jpg\" alt=\"rencontres de l \u00e9cologie politique\" align=\"center\"> LOfficiel des Transporteurs I Economie et entreprises  Responsable du Salon du Livre dart des Afriques et des Editions de la Colonie Saluons laction de Luc Carvounas en faveur de la parit\u00e9 \u00e0 Alfortville.Au moment o\u00f9 le Pr\u00e9sident Macron dans un Lid\u00e9e est d\u00e9changer dans le respect des id\u00e9es de chacun. Chaque participant est identifi\u00e9. Cest \u00e0 cette intersection entre crise \u00e9cologique et crise sociale que nous jouons en effet avec nos limites. Dans leur critique de la th\u00e9orie malthusienne de la surpopulation, Marx et Engels rejetaient la notion de limite naturelle ou absolue. Sans \u00eatre conscients de la question \u00e9cologique telle quelle se pose d\u00e9sormais \u00e0 nous, ils nignoraient pas pour autant la notion de limite relative \u00e0 une \u00e9poque et \u00e0 un mode de production donn\u00e9s : le capital, qui se survit au prix dune irrationalit\u00e9 croissante, est bel et bien \u00e0 lui-m\u00eame sa propre limite. De m\u00eame, les \u00e9nergies dites non renouvelables le sont sous certaines formes et \u00e0 une certaine \u00e9chelle temporelle. Il ny a pas, dans un avenir pr\u00e9visible, p\u00e9ril de p\u00e9nurie absolue en la mati\u00e8re. Par rapport au niveau actuel de d\u00e9pense \u00e9nerg\u00e9tique, les r\u00e9serves que repr\u00e9sentent l\u00e9nergie solaire et la biomasse sont consid\u00e9rables. En revanche, il peut se produire une rupture d\u00e9quilibre aux cons\u00e9quences impr\u00e9visibles, entre la lenteur du stockage v\u00e9g\u00e9tal et fossile et la rapidit\u00e9 du d\u00e9stockage induit par notre mode de consommation. Sur les 3 points suivants : la charte, lorganisation du mouvement, le municipalisme La soci\u00e9t\u00e9 a maintenant int\u00e9gr\u00e9 l\u00e9cologie comme une n\u00e9cessit\u00e9 Le fil Demain a \u00e9t\u00e9 une v\u00e9ritable claque, un v\u00e9ritable \u00e9v\u00e9nement pour des milliers de personnes qui ont radicalement chang\u00e9 leur mani\u00e8re de voir le monde apr\u00e8s avoir vu ce film. Deux possibilit\u00e9s de parcours sont propos\u00e9es au moment du stage :.<\/p>\n","protected":false},"excerpt":{"rendered":"<p>rencontres de l \u00e9cologie politique<\/p>\n","protected":false},"author":1,"featured_media":0,"comment_status":"closed","ping_status":"closed","sticky":false,"template":"","format":"standard","meta":{"footnotes":""},"categories":[1],"tags":[],"_links":{"self":[{"href":"http:\/\/bauclassroom.com\/info\/wp-json\/wp\/v2\/posts\/2469"}],"collection":[{"href":"http:\/\/bauclassroom.com\/info\/wp-json\/wp\/v2\/posts"}],"about":[{"href":"http:\/\/bauclassroom.com\/info\/wp-json\/wp\/v2\/types\/post"}],"author":[{"embeddable":true,"href":"http:\/\/bauclassroom.com\/info\/wp-json\/wp\/v2\/users\/1"}],"replies":[{"embeddable":true,"href":"http:\/\/bauclassroom.com\/info\/wp-json\/wp\/v2\/comments?post=2469"}],"version-history":[{"count":1,"href":"http:\/\/bauclassroom.com\/info\/wp-json\/wp\/v2\/posts\/2469\/revisions"}],"predecessor-version":[{"id":2470,"href":"http:\/\/bauclassroom.com\/info\/wp-json\/wp\/v2\/posts\/2469\/revisions\/2470"}],"wp:attachment":[{"href":"http:\/\/bauclassroom.com\/info\/wp-json\/wp\/v2\/media?parent=2469"}],"wp:term":[{"taxonomy":"category","embeddable":true,"href":"http:\/\/bauclassroom.com\/info\/wp-json\/wp\/v2\/categories?post=2469"},{"taxonomy":"post_tag","embeddable":true,"href":"http:\/\/bauclassroom.com\/info\/wp-json\/wp\/v2\/tags?post=2469"}],"curies":[{"name":"wp","href":"https:\/\/api.w.org\/{rel}","templated":true}]}}