{"id":2477,"date":"2020-09-24T09:12:29","date_gmt":"2020-09-24T09:12:29","guid":{"rendered":"http:\/\/bauclassroom.com\/info\/?p=2477"},"modified":"2020-09-21T00:07:29","modified_gmt":"2020-09-21T00:07:29","slug":"rencontres-internationales-du-salon-du-dessin","status":"publish","type":"post","link":"http:\/\/bauclassroom.com\/info\/2020\/09\/24\/rencontres-internationales-du-salon-du-dessin\/","title":{"rendered":"Rencontres Internationales Du Salon Du Dessin"},"content":{"rendered":"<p><img decoding=\"async\" src=\"http:\/\/www.refractairesnonviolentsalgerie1959a63.org\/IMG\/jpg\/Gandhi-dessin-2.jpg\" alt=\"rencontres internationales du salon du dessin\" align=\"center\"> Parmi les exposants une dizaine de nationalit\u00e9s seront repr\u00e9sent\u00e9es Europe et USA afin de permettre lensemble des rencontres internationales autour du dessin de collection. Acc\u00e8s avec entr\u00e9e au Salon du Dessin 15 euros individuel et 7,50 euros pour les \u00e9tudiants. Dessins de sculpteurs: Quatri\u00e8mes Rencontres internationales du Salon du dessin, 25 et 26 mars 2009 Dessins de sculpteurs-Guilhem Scherf, Soci\u00e9t\u00e9 du Salon du dessin-Google Books Les aquarelles de Juan Usl\u00e9-territoires de d\u00e9grad\u00e9s de couleurs et deffets de transparence-font cohabiter lhistoire de labstraction aux r\u00e9miniscences de paysages. Tracer, d\u00e9peindre, r\u00e9p\u00e9ter le geste.. Cest en suivant les battements de son c\u0153ur et de sa respiration-il per\u00e7oit m\u00eame l\u00e9coulement de son sang-que Juan Usl\u00e9 d\u00e9veloppe la subtilit\u00e9 des tons \u00e0 dominante de bleus, verts, gris ou noirs, m\u00e2tin\u00e9s de quelques jaunes ou rouges. Janalyse la r\u00e9action dune couleur par rapport \u00e0 une autre, pr\u00e9cise-t-il, et je juge de leur transparence ou de leur densit\u00e9 en imposant de nombreuses variations \u00e0 mes lignes. Il emploie alors les mots de vibrations, de sonorit\u00e9s, de liquidit\u00e9 ou de fluidit\u00e9 et quand on lui demande quelles sont ses aquarelles pr\u00e9f\u00e9r\u00e9es. Il r\u00e9pond : les plus dynamiques, expressives et musicales dune certaine fa\u00e7on. Le travail porte sur des mouvements sp\u00e9cifiques, cr\u00e9ant le rythme et jouant avec la lumi\u00e8re. Les diff\u00e9rentes surfaces semblent avancer et reculer, engendrant un va-et-vient au sein de l\u0153uvre et une nouvelle forme despace qui red\u00e9finit la perspective traditionnelle. Juan Usl\u00e9 r\u00e9alise ses dessins \u00e0 la mani\u00e8re de rituels, qui lui font se sentir \u00e0 la fois d\u00e9connect\u00e9 et totalement reli\u00e9 au monde. Enfin, DDessin f\u00eate ses cinq ans sous les verri\u00e8res de lAtelier Richelieu avec dinnombrables feuilles dartistes \u00e9mergents pr\u00e9sent\u00e9s par une vingtaine de galeries. Le Corner Illustrateur d\u00e9voile cette ann\u00e9e les cr\u00e9ations de Philippe Caillaud et Margot Denvers tandis que le coup de coeur DDessin se porte sur les paysages fantastiques de Fran\u00e7ois Ande. Dautres temps forts de toute cette actualit\u00e9 font de Paris La capitale du dessin, louverture de la collection Horvitz au Petit Palais et la manifestation Dessiner le quotidien au mus\u00e9e du Louvre. La France est officiellement entr\u00e9e le 24 mars en \u00e9tat durgence sanitaire pour deux mois et beaucoup dincertitudes persistent sur l\u00e9volution de la pand\u00e9mie dans les mois \u00e0 venir. Ces \u00e9l\u00e9ments rendent impossible une reprogrammation dici l\u00e9t\u00e9 et le Salon du dessin qui f\u00e9d\u00e8re de nombreux \u00e9v\u00e9nements \u00e0 Paris pendant une semaine naura donc pas lieu cette ann\u00e9e. Le Prix DRAWING NOW a pour but de soutenir un artiste en milieu de carri\u00e8re, dont la pratique du dessin est pr\u00e9dominante dans la cr\u00e9ation, avec une dotation de 5000 euros et lorganisation dune exposition. Le comit\u00e9 de s\u00e9lection des galeries se r\u00e9unit d\u00e8s le premier jour de la foire afin de nommer le laur\u00e9at. Comme tous les ans, des personnalit\u00e9s sassocient au comit\u00e9 de s\u00e9lection. DRAWING NOW 14EME EDITION MARS 2020 RENSEIGNEMENTS PRATIQUES OUVERTURE AU PUBLIC La 14e \u00e9dition de DRAWING NOW Art Fair aura lieu du 25 au 29 mars 2020. Autant de questions soulev\u00e9es auxquelles les intervenants ont tent\u00e9 de r\u00e9pondre par des exemples dartistes, certains c\u00e9l\u00e8bres, dautres moins, comme Michel-Ange, Giovanni Battista Maini, Joseph Nollekens, Bouchardon, David dAngers, Rodin, Picasso.. Extrait de la pr\u00e9face de Herv\u00e9 Aaron, Pr\u00e9sident de la Soci\u00e9t\u00e9 du Salon du dessin. <img decoding=\"async\" src=\"http:\/\/www.saisonsdeculture.com\/wp-content\/uploads\/863.jpg\" alt=\"rencontres internationales du salon du dessin\" align=\"left\"> Envoyer \u00e0 ladresse e-mail Votre nom Votre adresse e-mail A nous, \u00e9galement, douvrir la porte \u00e0 ceux dont les anc\u00eatres ont \u00e9t\u00e9 le creuset de linspiration occidentale, sans quon leur reconnaisse une v\u00e9ritable existence, en Afrique, Asie, Am\u00e9riques, Australie.. Si nous sommes ici, et maintenant, nous le sommes autrement, et nous le devons aussi \u00e0 ailleurs. Jeudi 26 mars au dimanche 29 mars : ouverture au public  Pour faire \u00e9cho au th\u00e8me retenu cette ann\u00e9e par le Salon, lart des jardins et de la botanique, un choix a \u00e9t\u00e9 fait parmi les fonds anciens conserv\u00e9s dans les diff\u00e9rents mus\u00e9es de Marseille sur le th\u00e8me de la nature, pris dans ses aspects les plus divers. Du XVe au XIXe si\u00e8cle, avec des \u0153uvres de Puget, Huet, Fragonard, Hubert Robert, Constantin, Corot, 40 dessins vont ouvrir une fen\u00eatre sur la richesse des collections des mus\u00e9es de Marseille.  Votre librairie est ouverte le lundi de 14 h \u00e0 19 h et du mardi au samedi de 10 h \u00e0 19 h. Pr\u00e9sentation au louvre en 1995. La nouvelle pr\u00e9sentation organis\u00e9e par le Petit Palais sera plus \u00e9largie et  Les catalogues des Salons de la Soci\u00e9t\u00e9 des Artistes Fran\u00e7ais, introductions de Dominique Lobstein, responsable de la biblioth\u00e8que du Mus\u00e9e dOrsay : Tag : Salon du dessin 2013, Paris, Salon du dessin Paris, Salon du dessin Palais Brongniart,,,,,,,,,,,,,,,,,,,,, Charles de Wailly,,,,,,, Clouet,,,,,,,, mus\u00e9e Bonnat-Helleu, Bergues,,,,,, Guerchin,,,, Gleizes,,,, Le mus\u00e9e des Beaux-Arts de Marseille a pris place dans laile gauche Palais Longchamp depuis son inauguration en 1869, dans les superbes espaces que larchitecte Henry Esp\u00e9randieu avait sp\u00e9cialement dessin\u00e9s pour la pr\u00e9sentation de ses collections. Fid\u00e8le \u00e0 l\u00e9v\u00e9nement, la Fondation Custodia organise, en collaboration avec lInstitut N\u00e9erlandais, une exposition de dessins de lartiste n\u00e9erlandais Peter Vos 1935 2010, autour du th\u00e8me des M\u00e9tamorphoses. EAN13 9788874393787 ISBN 978-88-7439-378-7 \u00c9diteur Date de publication 08032007 Collection S\u00e9ries IV-TEXTES ET ETUDES DIVERS SUR LART ET LES ARTISTES-Dr. Andreas Stolzenburg Chief Curator Prints Drawings, Hamburger Kunsthalle, Hambourg: Fran\u00e7ois-Marius Granet, Franz Ludwig Catel und die M\u00f6nchs-Romantik in Rom um 1815. <img decoding=\"async\" src=\"http:\/\/www.cci-paris-idf.fr\/sites\/default\/files\/crocis\/Images\/enjeux184-413.jpg\" alt=\"rencontres internationales du salon du dessin\" align=\"right\"> Le souhaite une bonne f\u00eate \u00e0 toutes les Mamans!-la remise du prix du dessin Daniel et Florence Guerlain, La Semaine du dessin : le trait dunion entre passionn\u00e9s.<\/p>\n","protected":false},"excerpt":{"rendered":"<p>rencontres internationales du salon du dessin<\/p>\n","protected":false},"author":1,"featured_media":0,"comment_status":"closed","ping_status":"closed","sticky":false,"template":"","format":"standard","meta":{"footnotes":""},"categories":[1],"tags":[],"_links":{"self":[{"href":"http:\/\/bauclassroom.com\/info\/wp-json\/wp\/v2\/posts\/2477"}],"collection":[{"href":"http:\/\/bauclassroom.com\/info\/wp-json\/wp\/v2\/posts"}],"about":[{"href":"http:\/\/bauclassroom.com\/info\/wp-json\/wp\/v2\/types\/post"}],"author":[{"embeddable":true,"href":"http:\/\/bauclassroom.com\/info\/wp-json\/wp\/v2\/users\/1"}],"replies":[{"embeddable":true,"href":"http:\/\/bauclassroom.com\/info\/wp-json\/wp\/v2\/comments?post=2477"}],"version-history":[{"count":1,"href":"http:\/\/bauclassroom.com\/info\/wp-json\/wp\/v2\/posts\/2477\/revisions"}],"predecessor-version":[{"id":2478,"href":"http:\/\/bauclassroom.com\/info\/wp-json\/wp\/v2\/posts\/2477\/revisions\/2478"}],"wp:attachment":[{"href":"http:\/\/bauclassroom.com\/info\/wp-json\/wp\/v2\/media?parent=2477"}],"wp:term":[{"taxonomy":"category","embeddable":true,"href":"http:\/\/bauclassroom.com\/info\/wp-json\/wp\/v2\/categories?post=2477"},{"taxonomy":"post_tag","embeddable":true,"href":"http:\/\/bauclassroom.com\/info\/wp-json\/wp\/v2\/tags?post=2477"}],"curies":[{"name":"wp","href":"https:\/\/api.w.org\/{rel}","templated":true}]}}