{"id":2551,"date":"2020-09-24T20:01:28","date_gmt":"2020-09-24T20:01:28","guid":{"rendered":"http:\/\/bauclassroom.com\/info\/?p=2551"},"modified":"2020-09-21T01:57:12","modified_gmt":"2020-09-21T01:57:12","slug":"rencontre-a-xv-du-3-juillet-2011","status":"publish","type":"post","link":"http:\/\/bauclassroom.com\/info\/2020\/09\/24\/rencontre-a-xv-du-3-juillet-2011\/","title":{"rendered":"Rencontre A Xv Du 3 Juillet 2011"},"content":{"rendered":"<p>A contrario dune vaine illustration ornementale, la nouvelle production de Pell\u00e9as et M\u00e9lisande se concentre farouchement dans le sombre impalpable dAllemonde, un royaume au bord de la mer. De la.. Date et lieu du s\u00e9minaire: Jeudi 9 juin 2011, 17h30 20h00, Universit\u00e9 de Paris 1, salle Jullian 1er \u00e9tage Qataris une certaine suite dans les id\u00e9es : ils se sont offerts la Coupe du Monde de football en 2022, maintes \u00e9preuves sportives et leur repr\u00e9sentant a m\u00eame tent\u00e9 sacril\u00e8ge <img decoding=\"async\" src=\"http:\/\/apfm-mkd.fipf.org\/sites\/fipf.org\/files\/imagecache\/news_thumbnail\/ma_photo.jpg\" alt=\"rencontre a xv du 3 juillet 2011\" align=\"right\"> _D \u00e9 but de la competition Grand Sud ce samedi 29 avril credit photo UST _  <img decoding=\"async\" src=\"http:\/\/www.rencontresaxv.fr\/wp-content\/uploads\/2015\/01\/221214-essai-xv-de-france.jpg\" alt=\"rencontre a xv du 3 juillet 2011\" align=\"right\">  Il faudra mobiliser les troupes autour des valeurs MOINS DE 16 ANS : la comp \u00e9 tition Tadde \u00ef approche \u00e0 grands pas et la s \u00e9 lection M16 du Pays Catalan va s attacher \u00e0 la pr \u00e9 parer consciencieusement. 1er match, le samedi 3 f \u00e9 vrier, vraisemblablement au Boulou. Au menu de cette phase de pr \u00e9 paration, un 1er entrainement s est d \u00e9 roul \u00e9 mercredi \u00e0 Peyrestortes, suivi d un autre rendez-vous, Cet apr\u00e8s midi, samedi 2 juillet 2011, cest le grand jour pour Albert de Monaco et Charlene Wittstock.. La relation t\u00e9l\u00e9phonique est organis\u00e9e de telle sorte que, sauf cas particuliers, les demandes ayant trait \u00e0 la situation et aux droits des patients, les paiements, les rejets et les commandes dimprim\u00e9s fassent lobjet dune r\u00e9ponse sans renvoi \u00e0 un second niveau dexpertise. Les sujets relatifs \u00e0 lapplication de la convention, lorientation vers le service m\u00e9dical et lassistance technique \u00e0 lusage des t\u00e9l\u00e9services peuvent justifier lintervention dun second niveau dexpertise avec r\u00e9ponse imm\u00e9diate ou diff\u00e9r\u00e9e. PROGRAMME 9h45 pr\u00e9sentation de la journ\u00e9e par Claude Massu et Dominique Rouillard homologues Corses de Lucciana pour durement et fi\u00e8rement Pour conclure, je voudrais dire ma conviction forte dans limportance et lactualit\u00e9 de la recherche dans le champ des humanit\u00e9s et des sciences sociales. Dabord, chercher \u00e0 comprendre lunivers dun scribe m\u00e9sopotamien, dun encyclop\u00e9diste grec, dun m\u00e9decin de la renaissance, dun gu\u00e9risseur africain ou dun chaman am\u00e9ridien pr\u00e9sente un int\u00e9r\u00eat en soi, et on na pas \u00e0 sexcuser ou \u00e0 entrer dans la logique dune justification utilitariste. Mais de plus, ce d\u00e9sir de comprendre lhumain dans la diversit\u00e9 de ses activit\u00e9s, de ses cultures, de ses soci\u00e9t\u00e9s et de ses productions symboliques, nous apporte un surplus dintelligibilit\u00e9, une distance critique, des leviers cognitifs et comparatistes pour nous comprendre nous-m\u00eame, dans notre rapport au monde, aux techniques et aux savoirs. Il ny a pas de sens sans un horizon. La recherche en sciences humaines est lart de d\u00e9ployer des horizons, avec leur profondeur et leur pouvoir dorientation, et ces horizons sont destin\u00e9s \u00e0 \u00eatre partag\u00e9s, \u00e0 \u00eatre habit\u00e9s, \u00e0 nous donner lenvie de ce voyage quest toute aventure intellectuelle. Colloque Espace et rapports sociaux de domination : chantiers de recherche Les Publications du Centre universitaire de Tarn-et-Garonne. En En 1808, la venue de Napol\u00e9on \u00e0 Montauban marque la fin dune longue p\u00e9riode dincertitude pour les Montalbanais. Le d\u00e9partement de Tarn-et-Garonne est cr\u00e9\u00e9 apr\u00e8s dix-huit ann\u00e9es de tractations puisque Montauban, rel\u00e9gu\u00e9e jusque-l\u00e0 au rang de chef-lieu de district du d\u00e9partement du Lot, voit enfin son voeu collectif r\u00e9alis\u00e9 en devenant chef-lieu de d\u00e9partement. Cest d\u00e8s le 23 novembre 1933 qu\u00e0 Munich fut donn\u00e9 Arabella de Strauss, quelques mois \u00e0 peine apr\u00e8s sa cr\u00e9ation mondiale \u00e0 la Semperoper Dresde, le 1er juillet. Travers\u00e9e dun m\u00eame climat de.. Il est \u00e0 noter que plusieurs \u00e9lus corses figurent au prestigieux palmar\u00e8s du concours national de la R\u00e9publique dont le benjamin nest autre quAnthony Alessandrini maire dAntissanti <img decoding=\"async\" src=\"http:\/\/www.igmqaventilation.tk\/wp-content\/uploads\/2015\/10\/Nicky-Gile-2-520x330.jpg\" alt=\"rencontre a xv du 3 juillet 2011\" align=\"center\"> Un nouvel assassinat a \u00e9t\u00e9 perp\u00e9tr\u00e9 dimanche matin sur la plage de Vignale de Ghisonaccia. Il \u00e9tait environ 9h30 quand Dominique Ferrari, 56 ans, est tomb\u00e9 sous les balles de deux Les dossiers de candidatures peuvent \u00eatre adress\u00e9s \u00e0 la Fondation jusquau 31 ao\u00fbt 2012. O so eine Fl\u00f6te Oh, une telle fl\u00fbte.. Ainsi voudrait-on rejoindre dans lextase le quintette du premier acte de Die Zauberfl\u00f6te, glissant du ton fac\u00e9tieux de lop\u00e9ra bouffe vers les d\u00e9licieux alliages de timbres, d..  En cochant cette case, je reconnais avoir pris connaissance des du site TER Nouvelle-Aquitaine et je les accepte.<\/p>\n","protected":false},"excerpt":{"rendered":"<p>rencontre a xv du 3 juillet 2011<\/p>\n","protected":false},"author":1,"featured_media":0,"comment_status":"closed","ping_status":"closed","sticky":false,"template":"","format":"standard","meta":{"footnotes":""},"categories":[1],"tags":[],"_links":{"self":[{"href":"http:\/\/bauclassroom.com\/info\/wp-json\/wp\/v2\/posts\/2551"}],"collection":[{"href":"http:\/\/bauclassroom.com\/info\/wp-json\/wp\/v2\/posts"}],"about":[{"href":"http:\/\/bauclassroom.com\/info\/wp-json\/wp\/v2\/types\/post"}],"author":[{"embeddable":true,"href":"http:\/\/bauclassroom.com\/info\/wp-json\/wp\/v2\/users\/1"}],"replies":[{"embeddable":true,"href":"http:\/\/bauclassroom.com\/info\/wp-json\/wp\/v2\/comments?post=2551"}],"version-history":[{"count":1,"href":"http:\/\/bauclassroom.com\/info\/wp-json\/wp\/v2\/posts\/2551\/revisions"}],"predecessor-version":[{"id":2552,"href":"http:\/\/bauclassroom.com\/info\/wp-json\/wp\/v2\/posts\/2551\/revisions\/2552"}],"wp:attachment":[{"href":"http:\/\/bauclassroom.com\/info\/wp-json\/wp\/v2\/media?parent=2551"}],"wp:term":[{"taxonomy":"category","embeddable":true,"href":"http:\/\/bauclassroom.com\/info\/wp-json\/wp\/v2\/categories?post=2551"},{"taxonomy":"post_tag","embeddable":true,"href":"http:\/\/bauclassroom.com\/info\/wp-json\/wp\/v2\/tags?post=2551"}],"curies":[{"name":"wp","href":"https:\/\/api.w.org\/{rel}","templated":true}]}}