{"id":2583,"date":"2020-09-24T03:50:07","date_gmt":"2020-09-24T03:50:07","guid":{"rendered":"http:\/\/bauclassroom.com\/info\/?p=2583"},"modified":"2020-09-21T02:35:53","modified_gmt":"2020-09-21T02:35:53","slug":"rencontre-ugine","status":"publish","type":"post","link":"http:\/\/bauclassroom.com\/info\/2020\/09\/24\/rencontre-ugine\/","title":{"rendered":"Rencontre Ugine"},"content":{"rendered":"<p>Un petit coucou de la part de Martine. Jai 27 ans et je suis \u00e0 Ugine. Ravissante et s\u00e9duisante je le suis, car jai un corps denfer dot\u00e9 de nombreux atouts dont mes jolis yeux, ma bouche aux.. Lexposition ArtUgine 1 \u00e8re. Patrice Carr\u00e9 et ses invit\u00e9s illustre dabord le travail de Patrice Carr\u00e9, artiste en R\u00e9sidence de septembre 2018 \u00e0 juin 2019 \u00e0 Ugine, o\u00f9 il a cr\u00e9\u00e9 des \u0153uvres originales en relation directe avec acteurs culturels, sociaux et \u00e9conomiques locaux. A laube de la saison 2020-2021, les dirigeants de lUSCA ont pris 2 d\u00e9cisions : Le Centre dart et de rencontres ouvre ses portes vendredi   Le Coll\u00e8ge dUgine a \u00e9t\u00e9 retenu en septembre dernier \u00e0 un appel \u00e0 projet europ\u00e9en ERASMUS sur 3 ans pour un partenariat strat\u00e9gique appel\u00e9 Imagine aujourdhui, ta ville europ\u00e9enne de demain-Des id\u00e9es pour fa\u00e7onner lavenir. Lobjectif \u00e9tant de permettre aux \u00e9l\u00e8ves dimaginer une ville virtuelle qui r\u00e9pond aux enjeux du d\u00e9veloppement durable en ne compromettant pas le d\u00e9veloppement des g\u00e9n\u00e9rations futures. Des \u00e9tablissements scolaires en Roumanie, Bulgarie, Espagne et un Eco-village au Danemark sont partenaires du projet p\u00e9dagogique.-Cheveux : Noir-160 cm-Statut civil: Veufve-Silhouette : Quelques kilos en trop Ce 22 f\u00e9vrier, Aur\u00e9lie, Florent et leur \u00e9quipe ouvriront un V and B \u00e0 Sarrebourg. S\u00e9tant rencontr\u00e9 au sein dune.. <img decoding=\"async\" src=\"http:\/\/replay.8montblanc.fr\/uploads\/articles\/47fdc928.jpg\" alt=\"rencontre ugine\" align=\"center\"> 45.753906 6.418333 5445466 Graines dhistoires en famille sp\u00e9cial conteurs : Annul\u00e9 offrefichegraines-d-histoires-en-famille-special-conteurs-annule5445466 imagesglobalmapmarker.png imagesglobalmapmarker_active.png imagesglobalmapmarker_compare.png 5445466-Cheveux : Blond-167 cm-Statut civil: Veufve-Silhouette : Je vous le dirai plus tard  Pour \u00eatre inform\u00e9 des derniers articles, inscrivez vous : Dans le cadre des Saveurs dautomne 2019 Fondation Facim <img decoding=\"async\" src=\"http:\/\/satfsen.tk\/wp-content\/uploads\/2018\/05\/supermarche.jpg\" alt=\"rencontre ugine\" align=\"center\"> Utilisez les rubriques ou pour la demande dautorisation. Int\u00e9r\u00eats communs : Groupe de lecture Discussion, Caf\u00e9 et conversations, Artisanat, Films Vid\u00e9os, Arts et mus\u00e9es, Musique et concerts, Art cr\u00e9atif, Jeux de soci\u00e8t\u00e9, Sports <img decoding=\"async\" src=\"http:\/\/img.over-blog.com\/300x219\/2\/62\/65\/03\/Photos-d-anciens\/Mes-annees-d-ecolier\/1955--CE2--Montroux-d-Ugine.jpg\" alt=\"rencontre ugine\" align=\"left\">-Les Amis du Cin\u00e9ma : 45, place Montmain 73400 Ugine&#8211; conception : Adresse email votre adresse email Je minscris Form is being submitted, please wait a bit. Les mille et un: romans, nouvelles et feuilletons..<\/p>\n","protected":false},"excerpt":{"rendered":"<p>rencontre ugine<\/p>\n","protected":false},"author":1,"featured_media":0,"comment_status":"closed","ping_status":"closed","sticky":false,"template":"","format":"standard","meta":{"footnotes":""},"categories":[1],"tags":[],"_links":{"self":[{"href":"http:\/\/bauclassroom.com\/info\/wp-json\/wp\/v2\/posts\/2583"}],"collection":[{"href":"http:\/\/bauclassroom.com\/info\/wp-json\/wp\/v2\/posts"}],"about":[{"href":"http:\/\/bauclassroom.com\/info\/wp-json\/wp\/v2\/types\/post"}],"author":[{"embeddable":true,"href":"http:\/\/bauclassroom.com\/info\/wp-json\/wp\/v2\/users\/1"}],"replies":[{"embeddable":true,"href":"http:\/\/bauclassroom.com\/info\/wp-json\/wp\/v2\/comments?post=2583"}],"version-history":[{"count":1,"href":"http:\/\/bauclassroom.com\/info\/wp-json\/wp\/v2\/posts\/2583\/revisions"}],"predecessor-version":[{"id":2584,"href":"http:\/\/bauclassroom.com\/info\/wp-json\/wp\/v2\/posts\/2583\/revisions\/2584"}],"wp:attachment":[{"href":"http:\/\/bauclassroom.com\/info\/wp-json\/wp\/v2\/media?parent=2583"}],"wp:term":[{"taxonomy":"category","embeddable":true,"href":"http:\/\/bauclassroom.com\/info\/wp-json\/wp\/v2\/categories?post=2583"},{"taxonomy":"post_tag","embeddable":true,"href":"http:\/\/bauclassroom.com\/info\/wp-json\/wp\/v2\/tags?post=2583"}],"curies":[{"name":"wp","href":"https:\/\/api.w.org\/{rel}","templated":true}]}}