{"id":2657,"date":"2020-09-24T03:16:51","date_gmt":"2020-09-24T03:16:51","guid":{"rendered":"http:\/\/bauclassroom.com\/info\/?p=2657"},"modified":"2020-09-21T04:35:17","modified_gmt":"2020-09-21T04:35:17","slug":"rencontre-ecm","status":"publish","type":"post","link":"http:\/\/bauclassroom.com\/info\/2020\/09\/24\/rencontre-ecm\/","title":{"rendered":"Rencontre Ecm"},"content":{"rendered":"<p>Postmasteremmanuel.info to inform them of the time this error occurred, You helped to increase the quality of our service. Lexelians : Laurent Beauvoit, Jonathan Santoro, Oph\u00e9lie Charles Arts num\u00e9riques Kritik Musik Mardi 19 avril 2005 \u00e0 20 h 30 Cloudflare Ray ID: 5a2889c68fabc474 Your IP: 78.110.71.148 Performance security by Vous avez d\u00e9j\u00e0 un forum, CMS, ECM, PGI ERP, CRM.. <img decoding=\"async\" src=\"http:\/\/emmanuel.info\/wp-content\/uploads\/2016\/06\/ESM-mini.jpg\" alt=\"rencontre ecm\" align=\"right\">-Le triptyque participe \u00e0 pendant MANIFESTA 4, la Biennale Europ\u00e9enne Rapport \u00e9crit et pr\u00e9sentation orale des pr\u00e9conisations Daunay, Bertrand, Reuter, Yves 2008 : La didactique du fran\u00e7ais : \u00e9volution, m\u00e9thodes et enjeux, Pratiquesn 137-138, La didactique du fran\u00e7ais. Hommage \u00e0 Jean-Fran\u00e7ois Halt\u00e9, Metz, CRESEF, pp 57-78.  Vous pouvez lire Le Monde sur un seul appareil \u00e0 la fois Continuer \u00e0 lire ici Une autre cause de la multiplication du nombre de syst\u00e8mes darchivage r\u00e9side dans le recours croissant au partage de fichiers sur r\u00e9seau et aux services de partage de fichiers en ligne comme DropBox. Il sagit l\u00e0 dun sympt\u00f4me de rejet, par les utilisateurs, des anciens syst\u00e8mes dECM, bien souvent complexes. Les utilisateurs exigent dans leur vie professionnelle la m\u00eame exp\u00e9rience conviviale que celle fournie par les outils faciles dacc\u00e8s dont ils se servent dans leur vie priv\u00e9e. Bien que faciles \u00e0 utiliser, ces outils ne sont pas en mesure de simplifier r\u00e9ellement la vie des utilisateurs, qui sont contraints de g\u00e9rer plusieurs syst\u00e8mes et interfaces utilisateurs tr\u00e8s diff\u00e9rents pour ex\u00e9cuter leurs t\u00e2ches. Fournit une solution efficace \u00e0 cet enjeu et a \u00e9t\u00e9. Si il ny a pas de tonalit\u00e9, v\u00e9rifiez que votre produit soit directement connect\u00e9 de la prise t\u00e9l\u00e9phonique murale au port de votre produit marqu\u00e9 LINE. Veuillez vous assurer dutiliser uniquement le c\u00e2ble fax livr\u00e9 avec votre appareil. Si il y a un d\u00e9doubleur ou si vous avec utilis\u00e9 une ralonge ou un autre c\u00e2ble t\u00e9l\u00e9phonique, veuillez les enlever. La donne a chang\u00e9 seulement en 2010, o\u00f9 a \u00e9t\u00e9 nomm\u00e9 un d\u00e9l\u00e9gu\u00e9 scientifique issu des sciences de l\u00e9ducation pour organiser les \u00e9valuations des laboratoires de sciences de l\u00e9ducation. Il convainc \u00e9galement des musiciens dautres horizons, comme le Tunisien Anouar Brahem, le Br\u00e9silien Egberto Gismonti ou lArgentin Dino Saluzzi, suscite des rencontres, cr\u00e9\u00e9 en 1984 le label satellite ECM New Series sp\u00e9cialis\u00e9 dans la musique contemporaine La ligne esth\u00e9tique du label ECM Augmentations de capital avec maintien du droit pr\u00e9f\u00e9rentiel de souscription des actionnaires ou Rights Issues, le plus souvent destin\u00e9es \u00e0 des restructurations ou des financements dacquisitions de latelier \u00e0 la dans le cadre du festival Temps dimages   en partenariat avec le Centre Georges Pompidou et en liaison avec la seconde \u00e9dition du Flash Festival. Je connaissais la musique de Thierry depuis de nombreuses ann\u00e9es. D\u00e9j\u00e0 en 2012, javais dirig\u00e9 lorchestre dans son Erinnerung pour orchestre \u00e0 cordes. En 2017, nous avons jou\u00e9 le Concerto pour orgue de Poulenc \u00e0 lAuditorium de Lyon et nous avons donc fait connaissance. Cette rencontre a d\u00e9bouch\u00e9 sur sa r\u00e9sidence comme compositeur aupr\u00e8s de lOrchestre national dAuvergne avec, entre autre, lenregistrement live de son Pr\u00e9lude symphonique. 29 mars 2020.. En cas de panne Internet chez Orange lop\u00e9rateur propose.. Vos identifiants adresse mail attribu\u00e9e par lop\u00e9rateur et mot de passe. <img decoding=\"async\" src=\"http:\/\/ecm-larcay.tice.ac-orleans-tours.fr\/eva\/sites\/ecm-larcay\/IMG\/Image\/coin%20des%20eleves\/classe%20de%20Christine\/rencontre%20GS%20CP\/crepes\/christine%20rencontre%20CP%20(2).jpg\" alt=\"rencontre ecm\" align=\"center\"> En revanche, lECM permet de travailler au sein des d\u00e9partements de direction financi\u00e8re des corporates ou alors de faire un tour du c\u00f4t\u00e9 des m\u00e9tiers de la finance de march\u00e9, voire du coverage.p MASSIAS Florence ecm-paul-eluard-deolsac-orleans-tours.fr <img decoding=\"async\" src=\"http:\/\/ekladata.com\/T-6biiyjBl-Yt-iftcLZECm_1qQ.jpg\" alt=\"rencontre ecm\" align=\"left\"> Lhistoire et lactualit\u00e9 de tous les jazz avec le N 725 de Jazz Magazine. Cest si bon Feat. Iggy Pop Diana Krall Thomas Dutronc 4\u00e8me week-end : vendredi soir 12 juin au dimanche 14 juin 2020.<\/p>\n","protected":false},"excerpt":{"rendered":"<p>rencontre ecm<\/p>\n","protected":false},"author":1,"featured_media":0,"comment_status":"closed","ping_status":"closed","sticky":false,"template":"","format":"standard","meta":{"footnotes":""},"categories":[1],"tags":[],"_links":{"self":[{"href":"http:\/\/bauclassroom.com\/info\/wp-json\/wp\/v2\/posts\/2657"}],"collection":[{"href":"http:\/\/bauclassroom.com\/info\/wp-json\/wp\/v2\/posts"}],"about":[{"href":"http:\/\/bauclassroom.com\/info\/wp-json\/wp\/v2\/types\/post"}],"author":[{"embeddable":true,"href":"http:\/\/bauclassroom.com\/info\/wp-json\/wp\/v2\/users\/1"}],"replies":[{"embeddable":true,"href":"http:\/\/bauclassroom.com\/info\/wp-json\/wp\/v2\/comments?post=2657"}],"version-history":[{"count":1,"href":"http:\/\/bauclassroom.com\/info\/wp-json\/wp\/v2\/posts\/2657\/revisions"}],"predecessor-version":[{"id":2658,"href":"http:\/\/bauclassroom.com\/info\/wp-json\/wp\/v2\/posts\/2657\/revisions\/2658"}],"wp:attachment":[{"href":"http:\/\/bauclassroom.com\/info\/wp-json\/wp\/v2\/media?parent=2657"}],"wp:term":[{"taxonomy":"category","embeddable":true,"href":"http:\/\/bauclassroom.com\/info\/wp-json\/wp\/v2\/categories?post=2657"},{"taxonomy":"post_tag","embeddable":true,"href":"http:\/\/bauclassroom.com\/info\/wp-json\/wp\/v2\/tags?post=2657"}],"curies":[{"name":"wp","href":"https:\/\/api.w.org\/{rel}","templated":true}]}}