{"id":2681,"date":"2020-09-24T18:24:19","date_gmt":"2020-09-24T18:24:19","guid":{"rendered":"http:\/\/bauclassroom.com\/info\/?p=2681"},"modified":"2020-09-21T05:27:50","modified_gmt":"2020-09-21T05:27:50","slug":"rencontre-choregraphique-2013-aurillac","status":"publish","type":"post","link":"http:\/\/bauclassroom.com\/info\/2020\/09\/24\/rencontre-choregraphique-2013-aurillac\/","title":{"rendered":"Rencontre Chor\u00e9graphique 2013 Aurillac"},"content":{"rendered":"<p>20 et 21 Septembre 2019 LHOMME DE LA RUE Temps fort-Quelques pArts CNAREP Boulieu-l\u00e8s-Annonay 07 en particulier pour laccueil du public et la billetterie au th\u00e9\u00e2tre pour les spectacles sy&#8230;&#8230;&#8230;&#8230;&#8230;&#8230;&#8230;&#8230;&#8230;&#8230;.. Samantha Julien administratrice : productions.soongmail.com quelle ne disposait pas dinformation \u00e9crite et pr\u00e9cise sur le montant de ces apports en \u03bf\u03bb\u03b1 \u03b3\u03b9\u03b1 \u03c4\u03b7 \u03bc\u03b7\u03c4\u03b5\u03c1\u03b1 \u03bc\u03bf\u03c5 \u03b8\u03b5\u03b1\u03c4\u03c1\u03bf \u03a4\u03bf \u03bd\u03bf\u03bc\u03bf\u03c3\u03c7\u03ad\u03b4\u03b9\u03bf \u03ba\u03b1\u03bb\u03c5\u03c0\u03c4\u03b5\u03b9 \u03bf\u03c4\u03b9\u03b4\u03ae\u03c0\u03bf\u03c4\u03b5 \u03c0\u03b1\u03c1\u03b1\u03b2\u03b9\u03ac\u03b6\u03b5\u03b9 \u03c4\u03b7\u03bd \u03b5\u03bb\u03b5\u03cd\u03b8\u03b5\u03c1\u03b7 \u03ba\u03c5\u03ba\u03bb\u03bf\u03c6\u03bf\u03c1\u03af\u03b1 \u03c4\u03c9\u03bd \u03b3\u03c5\u03bd\u03b1\u03b9\u03ba\u03ce\u03bd \u03c3\u03b5 \u03b4\u03b7\u03bc\u03cc\u03c3\u03b9\u03bf\u03c5\u03c2 \u03c7\u03ce\u03c1\u03bf\u03c5\u03c2 \u03ba\u03b1\u03b9 \u03c5\u03c0\u03bf\u03bd\u03bf\u03bc\u03b5\u03cd\u03b5\u03b9 \u03c4\u03b7\u03bd \u03b1\u03c5\u03c4\u03bf\u03b5\u03ba\u03c4\u03af\u03bc\u03b7\u03c3\u03b7 \u03ba\u03b1\u03b9 \u03c4\u03bf \u03b4\u03b9\u03ba\u03b1\u03af\u03c9\u03bc\u03b1 \u03c3\u03c4\u03b7\u03bd \u03b1\u03c3\u03c6\u03ac\u03bb\u03b5\u03b9\u03b1.  Toujours plus populaire, toujours plus pointue, toujours plus rythm\u00e9e, la 7 e \u00e9dition des Rencontres chor\u00e9graphiques d\u00e9partementales se refermera, ce week-end, avec le gratin des danseurs amateurs cantaliens. Son caf\u00e9 aval\u00e9-et son carreau de chocolat d\u00e9gust\u00e9-Jacques ajoute : mais assez de grand discours, les stagiaires en parlent mieux que moi. Dailleurs, ils doivent \u00eatre \u00e0 table. Showcase Dark Unit BOTY Maison des Sports de Clermont-Ferrand 2013 A partir de septembre, chaque 3\u00e8me samedi matin du mois, Vosges Arts Vivants ouvre les portes de ses nouveaux locaux et propose \u00e0 tout acteur culturel du d\u00e9partement un \u00e9change dinformations autour dun caf\u00e9-croissant. <img decoding=\"async\" src=\"http:\/\/othoharmonie.t.o.f.unblog.fr\/files\/2015\/07\/cache_16935466.jpg\" alt=\"rencontre chor\u00e9graphique 2013 aurillac\" align=\"center\"> <img decoding=\"async\" src=\"http:\/\/fr.1001mags.com\/images\/Couv\/1\/15CantalAvenir\/105\/53357-15CantalAvenir-105-Page-019.jpg\" alt=\"rencontre chor\u00e9graphique 2013 aurillac\" align=\"left\"> Quand des racines entrem\u00eal\u00e9es de danses et musiques dici et dailleurs surgit une nouvelle essence splendide et forte, Colors de Vida cristallise linou\u00ef dune r\u00e9v\u00e9lation.-1994-Christine Lebas. \u03a3\u03c5\u03bc\u03c0\u03b1\u03c1\u03b1\u03b3\u03c9\u03b3\u03ae \u03b7\u03bb\u03b5\u03ba\u03c4\u03c1\u03b9\u03c3\u03bc\u03bf\u03cd \u03ba\u03b1\u03b9 \u03b8\u03b5\u03c1\u03bc\u03cc\u03c4\u03b7\u03c4\u03b1\u03c2 \u03c5\u03c8\u03b7\u03bb\u03ae\u03c2 \u03b1\u03c0\u03cc\u03b4\u03bf\u03c3\u03b7\u03c2 MENU Clotilde Amprimoz est invit\u00e9e au ZOAnima \u00e0 N\u00eemes 30,   mis en ligne le 22 octobre 2014 modifi\u00e9 le 15 avril 2020 En savoir plus. Contact : Cette adresse e-mail est prot\u00e9g\u00e9e contre les robots spammeurs. Vous devez activer le JavaScript pour la visualiser. Frichti Concept a le plaisir de vous annoncer que le collectif a \u00e9t\u00e9 reconnu par la Communaut\u00e9 dagglom\u00e9ration de Plaine Commune en remportant lappel \u00e0 projet \u00c9conomie Sociale et Solidaire. La remise des prix aura lieu le mardi 18 d\u00e9cembre \u00e0 10h45 sur le parvis de la Basilique de Saint-Denis. Cette reconnaissance va permettre au collectif de se d\u00e9velopper et de poursuivre cette belle collaboration.-le j eudi 25 octobre pour la 2e \u00e9dition de R\u00e9citproque dans lenceinte de lEspace Culturel Emma\u00fcs Louvel-Tessier Paris, 10\u00e8me. Cette \u00e9dition est r\u00e9serv\u00e9e aux r\u00e9sidents du CHU Emma\u00fcs Louvel-Tessier. <img decoding=\"async\" src=\"http:\/\/losgarcia.com.ar\/wp-content\/uploads\/dont-cadavre.jpg\" alt=\"rencontre chor\u00e9graphique 2013 aurillac\" align=\"right\"> Jeu 11 juillet 2013 \u00e0 15h-Festival C\u00f4t\u00e9 Cour C\u00f4t\u00e9 Jardin-Bernay 27 de danse American Dance Festival Outreach Program, International Sommer.<\/p>\n","protected":false},"excerpt":{"rendered":"<p>rencontre chor\u00e9graphique 2013 aurillac<\/p>\n","protected":false},"author":1,"featured_media":0,"comment_status":"closed","ping_status":"closed","sticky":false,"template":"","format":"standard","meta":{"footnotes":""},"categories":[1],"tags":[],"_links":{"self":[{"href":"http:\/\/bauclassroom.com\/info\/wp-json\/wp\/v2\/posts\/2681"}],"collection":[{"href":"http:\/\/bauclassroom.com\/info\/wp-json\/wp\/v2\/posts"}],"about":[{"href":"http:\/\/bauclassroom.com\/info\/wp-json\/wp\/v2\/types\/post"}],"author":[{"embeddable":true,"href":"http:\/\/bauclassroom.com\/info\/wp-json\/wp\/v2\/users\/1"}],"replies":[{"embeddable":true,"href":"http:\/\/bauclassroom.com\/info\/wp-json\/wp\/v2\/comments?post=2681"}],"version-history":[{"count":1,"href":"http:\/\/bauclassroom.com\/info\/wp-json\/wp\/v2\/posts\/2681\/revisions"}],"predecessor-version":[{"id":2682,"href":"http:\/\/bauclassroom.com\/info\/wp-json\/wp\/v2\/posts\/2681\/revisions\/2682"}],"wp:attachment":[{"href":"http:\/\/bauclassroom.com\/info\/wp-json\/wp\/v2\/media?parent=2681"}],"wp:term":[{"taxonomy":"category","embeddable":true,"href":"http:\/\/bauclassroom.com\/info\/wp-json\/wp\/v2\/categories?post=2681"},{"taxonomy":"post_tag","embeddable":true,"href":"http:\/\/bauclassroom.com\/info\/wp-json\/wp\/v2\/tags?post=2681"}],"curies":[{"name":"wp","href":"https:\/\/api.w.org\/{rel}","templated":true}]}}