{"id":2749,"date":"2020-09-24T08:08:56","date_gmt":"2020-09-24T08:08:56","guid":{"rendered":"http:\/\/bauclassroom.com\/info\/?p=2749"},"modified":"2020-09-21T07:44:11","modified_gmt":"2020-09-21T07:44:11","slug":"rencontres-nationales-transport-public-strasbourg","status":"publish","type":"post","link":"http:\/\/bauclassroom.com\/info\/2020\/09\/24\/rencontres-nationales-transport-public-strasbourg\/","title":{"rendered":"Rencontres Nationales Transport Public Strasbourg"},"content":{"rendered":"<p>Forsee Power est un groupe industriel fran\u00e7ais sp\u00e9cialiste des syst\u00e8mes de batteries intelligentes pour les march\u00e9s du transport \u00e9lectrique, des \u00e9quipements portables et mobiles. Philippe R\u00e9gnier, Parkings, m\u00e9tros, tramways : Sur terre ou sous terre, lart au quotidien, Le Journal des Arts, n o 53, 30 janvier 1998, Gilles A. Tiberghien, Les voix du tram : Rencontre entre Gilles A. Tiberghien et Rodolphe Burger, Paris, Association Vacarme, vol. 5, n o 14, hiver 2001, Notre gamme \u00e9lectrique KARSAN offre une mobilit\u00e9 z\u00e9ro \u00e9mission et silencieuse avec des v\u00e9hicules de petit gabarit tr\u00e8s agiles qui garantissent : Fort de notre exp\u00e9rience dans le domaine du v\u00eatement dimage et notre expertise dans le secteur des transports, nos \u00e9quipes vous accompagne dans la mise en place de nouvelles tenues pour votre personnel roulant. Que les transports en commun supplantent d\u00e9finitivement lautomobile. Quils deviennent incontournables. Comment sy prendre? Que proposer aux usagers? LES R\u00c9SULTATS SONT MAINTENANT DISPONIBLES! Pour la deuxi\u00e8me ann\u00e9e cons\u00e9cutive, CODATU a propos\u00e9 aux photographes amateurs du monde entier de t\u00e9moigner en image du r\u00f4le essentiel des transports urbains dans la garantie dune.. R\u00e9agir face \u00e0 une crise. Agir pour pr\u00e9parer lapr\u00e8s. <img decoding=\"async\" src=\"http:\/\/www.suspicioons.tk\/uploads\/Image\/2d\/9820_202_DSC05045.jpg\" alt=\"rencontres nationales transport public strasbourg\" align=\"left\"> Energies renouvelables, r\u00e9seaux et stockage, Urbanisme et am\u00e9nagement, Mobilit\u00e9 et tran.. Jean-Jacques Lumeau, 1er vice-pr\u00e9sident de la CARENE en charge des grands services publics.  <img decoding=\"async\" src=\"http:\/\/www.rencontres-autopartage.fr\/wp-content\/uploads\/2012\/07\/Logo-MAIF-Signature-curseur-OK-2.jpg\" alt=\"rencontres nationales transport public strasbourg\" align=\"center\"> dEffia. Leurs clients inciviques ne risquent donc pas d\u00eatre Vous cherchez un document sur une conf\u00e9rence de presse de la CGT, un communiqu\u00e9, lintervention dun-e dirigeant-e, les coordonn\u00e9es des Relations presse de la CGT? Vous \u00eates au bon endroit! cette ann\u00e9e Ile-de-France mobilit\u00e9s ne met pas en place  MOBICOOP, coop\u00e9rative de la mobilit\u00e9 partag\u00e9e, d\u00e9veloppe des solutions de covoiturage dautopartage et de transport solidaire. Le midi-bus ATAK \u00e9lectrique de 8,15 m transporte 52 passagers et garantit la meilleure autonomie du march\u00e9 avec 300 km packs batteries 220 kW.  <img decoding=\"async\" src=\"http:\/\/engelhoxlmaudio.tk\/var\/plain_site\/storage\/images\/media\/images\/groupe-innovation\/credit-impot-recherche-de-nouvelles-dispositions-pour-les-pme-juin-2008\/54133-1-fre-FR\/Credit-Impot-Recherche-de-nouvelles-dispositions-pour-les-PME-Juin-2008.jpg\" alt=\"rencontres nationales transport public strasbourg\" align=\"left\">.<\/p>\n","protected":false},"excerpt":{"rendered":"<p>rencontres nationales transport public strasbourg<\/p>\n","protected":false},"author":1,"featured_media":0,"comment_status":"closed","ping_status":"closed","sticky":false,"template":"","format":"standard","meta":{"footnotes":""},"categories":[1],"tags":[],"_links":{"self":[{"href":"http:\/\/bauclassroom.com\/info\/wp-json\/wp\/v2\/posts\/2749"}],"collection":[{"href":"http:\/\/bauclassroom.com\/info\/wp-json\/wp\/v2\/posts"}],"about":[{"href":"http:\/\/bauclassroom.com\/info\/wp-json\/wp\/v2\/types\/post"}],"author":[{"embeddable":true,"href":"http:\/\/bauclassroom.com\/info\/wp-json\/wp\/v2\/users\/1"}],"replies":[{"embeddable":true,"href":"http:\/\/bauclassroom.com\/info\/wp-json\/wp\/v2\/comments?post=2749"}],"version-history":[{"count":1,"href":"http:\/\/bauclassroom.com\/info\/wp-json\/wp\/v2\/posts\/2749\/revisions"}],"predecessor-version":[{"id":2750,"href":"http:\/\/bauclassroom.com\/info\/wp-json\/wp\/v2\/posts\/2749\/revisions\/2750"}],"wp:attachment":[{"href":"http:\/\/bauclassroom.com\/info\/wp-json\/wp\/v2\/media?parent=2749"}],"wp:term":[{"taxonomy":"category","embeddable":true,"href":"http:\/\/bauclassroom.com\/info\/wp-json\/wp\/v2\/categories?post=2749"},{"taxonomy":"post_tag","embeddable":true,"href":"http:\/\/bauclassroom.com\/info\/wp-json\/wp\/v2\/tags?post=2749"}],"curies":[{"name":"wp","href":"https:\/\/api.w.org\/{rel}","templated":true}]}}