{"id":2809,"date":"2020-09-25T20:22:16","date_gmt":"2020-09-25T20:22:16","guid":{"rendered":"http:\/\/bauclassroom.com\/info\/?p=2809"},"modified":"2020-09-21T09:31:42","modified_gmt":"2020-09-21T09:31:42","slug":"rencontre-ben-affleck-jennifer-garner","status":"publish","type":"post","link":"http:\/\/bauclassroom.com\/info\/2020\/09\/25\/rencontre-ben-affleck-jennifer-garner\/","title":{"rendered":"Rencontre Ben Affleck Jennifer Garner"},"content":{"rendered":"<p><img decoding=\"async\" src=\"http:\/\/crowd-collection.com\/wp-content\/uploads\/2018\/03\/gettyimages-476584438-1521035337-300x200.jpg\" alt=\"rencontre ben affleck jennifer garner\" align=\"right\"> Chrissy a r\u00e9cemment d\u00e9voil\u00e9 quelle voulait se d\u00e9barrasser de ses implants, apr\u00e8s les avoir obtenus \u00e0 l\u00e2ge de 20 ans, car elle voulait juste retrouver des seins faits de pure graisse. Le ph\u00e9nix g\u00e9ant ne senvolera jamais du dos de lacteur Au cin\u00e9ma, elle se distingue dabord dans des r\u00f4les dh\u00e9ro\u00efne daction 2003, 2005, 2007, avant dencha\u00eener surtout les com\u00e9dies 2004, 2007, 2009, ou encore 2010. Bonne nouvelle : retrouvez vos articles pr\u00e9f\u00e9r\u00e9s tous les matins dans votre bo\u00eete mail avec la newsletter Glamour la Quotidienne! Il semble quil veut une vraie partenaire et quil ne cherche pas \u00e0 fr\u00e9quenter une c\u00e9l\u00e9brit\u00e9. Il est priv\u00e9 et dans un bon endroit mentalement en ce moment. Il a ses enfants et se concentre sur le travail, mais il est pr\u00eat \u00e0 \u00eatre amoureux de nouveau, explique notamment une source.  Ben et Ana sortent ensemble depuis un mois apr\u00e8s s\u00eatre rencontr\u00e9s sur le tournage de leur Rivi\u00e8re profonde film. <img decoding=\"async\" src=\"http:\/\/i.dailymail.co.uk\/i\/pix\/2013\/12\/09\/article-2520556-19F8E65E00000578-393_634x1029.jpg\" alt=\"rencontre ben affleck jennifer garner\" align=\"left\"> Ensemble depuis : 2007. Depuis, ils sont devenus parents dun petit Marcel n\u00e9 le 19 mai 2011.  <img decoding=\"async\" src=\"http:\/\/cdn04.cdn.justjared.com\/wp-content\/uploads\/headlines\/2013\/02\/jennifer-garner-ben-affleck-shaves-beard-after-oscars.jpg\" alt=\"rencontre ben affleck jennifer garner\" align=\"center\"> Jennifer Garner recas\u00e9e : ce quen pense Ben Affleck va vous \u00e9tonner! Ils se marient le 29 juin 2005 lors dune c\u00e9r\u00e9monie sans t\u00e9moins ni invit\u00e9s, sur une plage de Parrot Cay.  Jennifer Garner et Ben Affleck sur un petit nuage en 2005. Brian Snyder Reuters Carbi B jette une chaussure \u00e0 Nicki Minaj en pleine Fashion Week Selon la Page Six, Ben Affleck sest inscrit sur une application de rencontres et serait pr\u00eat \u00e0 retomber amoureux. La rencontre : Ben Affleck et Jennifer Garner se rencontrent une premi\u00e8re fois en 2001 sur le tournage de Pearl Harbor avant de se retrouver en 2003 pour Daredevil. Mais pas de coup de foudre au programme, est fianc\u00e9 \u00e0. Ce nest quun an plus tard, s\u00e9par\u00e9 de la bomba latina, que les deux tourtereaux se mettront finalement ensemble. Ce 15 ao\u00fbt, lacteur Ben Affleck f\u00eate ses 45 ans. Pour loccasion, Non Stop People vous propose de d\u00e9couvrir son \u00e9volution physique! Je souhaite recevoir des offres des partenaires de VIBE RADIO et b\u00e9n\u00e9ficier davantages Jen et Ben font la chose de coparentage mature, cependant, et tiennent compte des sentiments des autres. La source a ajout\u00e9: Ben comprend. He a dit quil travaillerait avec Jennifer pour pr\u00e9parer les enfants \u00e0 la r\u00e9union Ana. Data-reactid 31 Il semble que Jen et Ben font la chose mature de coparentage, et tiennent compte des sentiments de lautre. La source a ajout\u00e9: Ben comprend. He a dit quil travaillerait avec Jennifer pour pr\u00e9parer les enfants \u00e0 la r\u00e9union Ana. .<\/p>\n","protected":false},"excerpt":{"rendered":"<p>rencontre ben affleck jennifer garner<\/p>\n","protected":false},"author":1,"featured_media":0,"comment_status":"closed","ping_status":"closed","sticky":false,"template":"","format":"standard","meta":{"footnotes":""},"categories":[1],"tags":[],"_links":{"self":[{"href":"http:\/\/bauclassroom.com\/info\/wp-json\/wp\/v2\/posts\/2809"}],"collection":[{"href":"http:\/\/bauclassroom.com\/info\/wp-json\/wp\/v2\/posts"}],"about":[{"href":"http:\/\/bauclassroom.com\/info\/wp-json\/wp\/v2\/types\/post"}],"author":[{"embeddable":true,"href":"http:\/\/bauclassroom.com\/info\/wp-json\/wp\/v2\/users\/1"}],"replies":[{"embeddable":true,"href":"http:\/\/bauclassroom.com\/info\/wp-json\/wp\/v2\/comments?post=2809"}],"version-history":[{"count":1,"href":"http:\/\/bauclassroom.com\/info\/wp-json\/wp\/v2\/posts\/2809\/revisions"}],"predecessor-version":[{"id":2810,"href":"http:\/\/bauclassroom.com\/info\/wp-json\/wp\/v2\/posts\/2809\/revisions\/2810"}],"wp:attachment":[{"href":"http:\/\/bauclassroom.com\/info\/wp-json\/wp\/v2\/media?parent=2809"}],"wp:term":[{"taxonomy":"category","embeddable":true,"href":"http:\/\/bauclassroom.com\/info\/wp-json\/wp\/v2\/categories?post=2809"},{"taxonomy":"post_tag","embeddable":true,"href":"http:\/\/bauclassroom.com\/info\/wp-json\/wp\/v2\/tags?post=2809"}],"curies":[{"name":"wp","href":"https:\/\/api.w.org\/{rel}","templated":true}]}}