{"id":2901,"date":"2020-09-25T22:13:27","date_gmt":"2020-09-25T22:13:27","guid":{"rendered":"http:\/\/bauclassroom.com\/info\/?p=2901"},"modified":"2020-09-21T12:38:14","modified_gmt":"2020-09-21T12:38:14","slug":"rencontre-habitants","status":"publish","type":"post","link":"http:\/\/bauclassroom.com\/info\/2020\/09\/25\/rencontre-habitants\/","title":{"rendered":"Rencontre Habitants"},"content":{"rendered":"<p>Les commer\u00e7ants de proximit\u00e9 du bourg seront ouverts. Lempire des tsars et les Russes-Anatole Leroy-Beaulieu-Google Books <img decoding=\"async\" src=\"http:\/\/www.ouillade.eu\/wp-content\/uploads\/2014\/03\/P1090537-1.jpg\" alt=\"rencontre habitants\" align=\"right\"> <img decoding=\"async\" src=\"http:\/\/www.ville-gentilly.fr\/\/fileadmin\/_processed_\/a\/5\/csm_visuel_une_pdv_8231f531c4.gif\" alt=\"rencontre habitants\" align=\"left\"> <img decoding=\"async\" src=\"http:\/\/www.bugey-cotiere.fr\/wp-content\/uploads\/2018\/05\/Ambutrix-Gaillot.jpg\" alt=\"rencontre habitants\" align=\"left\"> Merci de nous d\u00e9crire pr\u00e9cis\u00e9ment ce qui vous para\u00eet ill\u00e9gal dans ce message. Julien Denormandie \u00e0 la rencontre des acteurs et des habitants du quartier de lElsau Le Sri Lanka dest en ouest, \u00e0 la rencontre des habitants  LInstitut national de la statistique et des \u00e9tudes \u00e9conomiques Insee proc\u00e8de, cette ann\u00e9e, au recensement de Corgoloin. Cest pourquoi la commune a recrut\u00e9 trois agents recenseurs qui auront jusqu\u00e0 mi-f\u00e9vrier pour compter la population. La Rep \u00e0 votre rencontre, avant les municipales : Pithiviers divise ses habitants-Pithiviers 45300 Une rencontre: roman de deux touristes sur le Saint-Laurent et le Saguenay By William Dean Howells, Louis Fr\u00e9chette  Demandez un devis gratuit en quelques minutes et recevez une proposition de voyage Ce caf\u00e9 ambulant est une tr\u00e8s belle id\u00e9e pour aller \u00e0 la rencontre de lautre et mettre du lien entre les habitants a soulign\u00e9 Anne Hidalgo. Fonctionnant comme un v\u00e9ritable point de rencontre mobile, ce caf\u00e9 ambulant incite les habitants \u00e0 se retrouver pour \u00e9changer et dialoguer. Des animateurs et des \u00e9ducateurs de lAJAM sont pr\u00e9sents pour animer ces rencontres et favoriser la participation des riverains aux actions socio-\u00e9ducatives et culturelles du quartier. Cest aussi autour de cette structure mobile que des moments chaleureux et th\u00e9matiques sont organis\u00e9s : caf\u00e9 des locataires, caf\u00e9 des enfants, caf\u00e9 des femmes, caf\u00e9 des vacances, etc. Partez \u00e0 l a rencontre d e s habitants d u quartier et des artistes pour partager.. Avec le simulateur de population, les animations et les quiz, ma\u00eetriser les grands concepts d\u00e9mographiques, des projections aux facteurs de f\u00e9condit\u00e9, devient presque un jeu denfant. Ce contenu est bloqu\u00e9 car il n\u00e9cessite que vous acceptiez les cookies. Veuillez consulter notre politique de confidentialit\u00e9. Jaccepte les cookies Ev\u00e9nements Racontez-nous votre quartier! Rencontre avec les habitants de Belcier Les panneaux \u00e0 vendre se succ\u00e8dent dans les rues de cette commune, pour des prix d\u00e9risoires-parfois \u00e0 moins de 500 euros le m\u00e8tre carr\u00e9-mais ne trouvent pas facilement preneur. Les usines et les fonderies qui faisaient vivre le territoire ont ferm\u00e9 les unes apr\u00e8s les autres, laissant des travailleurs locaux sur le carreau. Herv\u00e9 travaillait pour Electrolux, une des derni\u00e8res entreprises \u00e0 avoir ferm\u00e9 ses portes. La firme a d\u00e9localis\u00e9 ses activit\u00e9s en Pologne. L approche pluridisciplinaire de lIned est pr\u00e9cieuse pour analyser limpact de la pand\u00e9mie de Covid-19 sur les populations et sur les soci\u00e9t\u00e9s, en France et dans le monde. Nos plus beaux itin\u00e9raires \u00e0 la rencontre des populations locales Connectez-vous pour obtenir des informations sur vos voyages et envoyer des messages \u00e0 dautres voyageurs. Visite des \u00e9lus et des services municipaux dans le quartier du Moulin Vert le 10 avril 2019 5 Photo : Jean-Jacques Banide Depuis 3 ans, la R\u00e9gion enrichit son projet et ses politiques r\u00e9gionales avec des concertations citoyennes Association qui soccupe des probl\u00e8mes de la vie et organise.. Cette action se d\u00e9roule depuis septembre 2017. Elle a r\u00e9ellement d\u00e9marr\u00e9 en Janvier 2018 avec la cr\u00e9ation dun groupe pilote dHabitants qui a d\u00e9cid\u00e9 de mettre en lumi\u00e8re 20 personnes habitant le quartier. Un syst\u00e8me dinformation national des fourri\u00e8res en automobiles, commun aux policiers municipaux et \u00e0 la police et la gendarmerie nationale, sera lanc\u00e9 \u00e0 lautomne dans dix d\u00e9partements puis g\u00e9n\u00e9ralis\u00e9 fin 2021. Objectif : all\u00e9ger la charge de travail des diff\u00e9rents acteurs et assurer une meilleure gestion du parc de v\u00e9hicules.. Sa mission est de vous apporter un service et une eau de tr\u00e8s grande qualit\u00e9 au prix le plus juste. .<\/p>\n","protected":false},"excerpt":{"rendered":"<p>rencontre habitants<\/p>\n","protected":false},"author":1,"featured_media":0,"comment_status":"closed","ping_status":"closed","sticky":false,"template":"","format":"standard","meta":{"footnotes":""},"categories":[1],"tags":[],"_links":{"self":[{"href":"http:\/\/bauclassroom.com\/info\/wp-json\/wp\/v2\/posts\/2901"}],"collection":[{"href":"http:\/\/bauclassroom.com\/info\/wp-json\/wp\/v2\/posts"}],"about":[{"href":"http:\/\/bauclassroom.com\/info\/wp-json\/wp\/v2\/types\/post"}],"author":[{"embeddable":true,"href":"http:\/\/bauclassroom.com\/info\/wp-json\/wp\/v2\/users\/1"}],"replies":[{"embeddable":true,"href":"http:\/\/bauclassroom.com\/info\/wp-json\/wp\/v2\/comments?post=2901"}],"version-history":[{"count":1,"href":"http:\/\/bauclassroom.com\/info\/wp-json\/wp\/v2\/posts\/2901\/revisions"}],"predecessor-version":[{"id":2902,"href":"http:\/\/bauclassroom.com\/info\/wp-json\/wp\/v2\/posts\/2901\/revisions\/2902"}],"wp:attachment":[{"href":"http:\/\/bauclassroom.com\/info\/wp-json\/wp\/v2\/media?parent=2901"}],"wp:term":[{"taxonomy":"category","embeddable":true,"href":"http:\/\/bauclassroom.com\/info\/wp-json\/wp\/v2\/categories?post=2901"},{"taxonomy":"post_tag","embeddable":true,"href":"http:\/\/bauclassroom.com\/info\/wp-json\/wp\/v2\/tags?post=2901"}],"curies":[{"name":"wp","href":"https:\/\/api.w.org\/{rel}","templated":true}]}}