{"id":2963,"date":"2020-09-25T06:52:18","date_gmt":"2020-09-25T06:52:18","guid":{"rendered":"http:\/\/bauclassroom.com\/info\/?p=2963"},"modified":"2020-09-21T14:25:51","modified_gmt":"2020-09-21T14:25:51","slug":"fnac-rencontres-arles","status":"publish","type":"post","link":"http:\/\/bauclassroom.com\/info\/2020\/09\/25\/fnac-rencontres-arles\/","title":{"rendered":"Fnac Rencontres Arles"},"content":{"rendered":"<p>Leila Mendez a expos\u00e9 aux Rencontres dArles en 2008, pr\u00e9sent\u00e9e par Luis Venegas pour le Prix D\u00e9couverte:. . Rencontres dArles 2016 : Les grandes lignes Prix D\u00e9couverte Ethan Levitas et Garry Winogrand, Radical Relation <img decoding=\"async\" src=\"http:\/\/www.note.anglersacademy.org\/media\/00\/01\/3049489693.jpg\" alt=\"fnac rencontres arles\" align=\"center\"> Cheveux en p\u00e9tard et maquillage pour tous, le jeune Pedro Almodovar n\u00e9chappe pas \u00e0 la r\u00e8gle. La s\u00e9rie Peluqueria de la fille du groupe, Ouka Leele, reste un grand classique du genre. Couleurs acidul\u00e9es, fantaisie d\u00e9brid\u00e9e, ces portraits de coiffures extravagantes pr\u00e9sent\u00e9s sous forme dun diaporama sont les feux dartifice de lexposition. Alors que pointe d\u00e9j\u00e0 le d\u00e9senchantement po\u00e9tique des images en noir et blanc dAlberto Garcia-Alix. The Anonymous Project-The House  Sauf quici, en r\u00e9alit\u00e9, la culture est ailleurs, \u00e0 c\u00f4t\u00e9, totalement chez elle dans une autre boutique de lenseigne, situ\u00e9e \u00e0 lune des entr\u00e9es de la galerie marchande. A vrai dire, la naissance m\u00eame de la Fnac, il y a de cela cinquante ans, est li\u00e9e \u00e0 la photographie. Les fondateurs Max Th\u00e9ret et Andr\u00e9 Essel \u00e9taient tous deux des passionn\u00e9s. Ils ont d\u00e8s le d\u00e9but de leur activit\u00e9 f\u00e9d\u00e9rative ouvert un magasin sp\u00e9cialis\u00e9 \u00e0 Paris, le Photo-Cin\u00e9-Club, qui proposait des appareils avec une remise de 15, ainsi que des conseils et des rencontres entre amateurs et professionnels. <img decoding=\"async\" src=\"http:\/\/www.nicolasdhervillers.com\/wp-content\/uploads\/2017\/01\/0024.jpg\" alt=\"fnac rencontres arles\" align=\"right\">  Vid\u00e9o : les coiffeurs ont repris le travail \u00e0 Marseille Basculer laffichage de la navigation Toggle navigation Mise \u00e0 jour vendredi 15 mai 2020 \u00e0 13h47 Le 12 mai devait \u00eatre le jour du coup denvoi du Festival de Cannes. Comme de nombreux \u00e9v\u00e9nements culturels fran\u00e7ais, le rendez-vous mondial du cin\u00e9ma a d\u00fb renoncer \u00e0 sa 73e \u00e9dition en raison des mesures sanitaires pour lutter contre le. <img decoding=\"async\" src=\"http:\/\/bisisau.cf\/21423-tm_home_default\/sac-a-crosses-oxdog-2s-noir.jpg\" alt=\"fnac rencontres arles\" align=\"center\"> Que se passera-t-il si vous continuez \u00e0 lire ici? Le Prix du Livre dauteur 8 000 euros a \u00e9t\u00e9 attribu\u00e9 \u00e0 Yutaka Takanashi, Photography 1965 74 et \u00e0 son \u00e9diteur Only Photography, Berlin, Allemagne, mai 2010. CORONAVIRUS Comme le craignait r\u00e9cemment Axel Landy, son organisateur, la quatri\u00e8me \u00e9dition du festival LHorizon fait le mur ne se d\u00e9roulera pas fin juillet. Workshop and residency. P\u00f4le Image Haute Normandie. France Suivra, \u00e0 la tomb\u00e9e de la nuit, la Belge Selah Sue venue rafra\u00eechir un public parisien se r\u00e9pandant jusquaux rues adjacentes avec son dernier album Reason. 2000-2001-2002-Afmp-Beauvais-Nantes-Colmar-Le Mans-Bordeaux-Orl\u00e9ans Cest le grand jour. \u00c0 dix heures, les grilles souvrent. Les visiteurs respectent les gestes barri\u00e8res. \u00c0 lentr\u00e9e, un agent de s\u00e9curit\u00e9 veille au port du masque et un autre vous verse quelques gouttes de gel hydroalcoolique. Un sens de circulation a \u00e9t\u00e9 mat\u00e9rialis\u00e9 au sol. Et gare si vous ne le respectez pas, un vigile vous rappelle \u00e0 lordre. 2015 : Book Ne pas d\u00e9passer la ligne, Loco publisher. JOAN FONCUBERTA La collection Trepat. Un cas d\u00e9tude de la photographie davant-garde 2013 April Projection debate Maison du geste et de limage Serie: Chiaroscuro in Fukushima Mardi 16 avril \u00e0 19h \u00e0 la mgi La Maison du geste et de limage et Fetart le Festival Circulations ont le plaisir de vous inviter \u00e0 la soir\u00e9e Projection-d\u00e9bat en pr\u00e9sence de Fran\u00e7ois Cheval et des photographes du Festival de la jeune photographie europ\u00e9enne Circulations 2013. Entr\u00e9e libre dans la limite des places disponibles. R\u00e9servez d\u00e8s maintenant au 01 42 36 33 52 ou \u00e0 Toute linformation pr\u00e9ventive sur les risques majeurs \u00e0 Arles :. Miguel Angel Ortega, Documantando el espacio, Foco Spain. 01042010 Mention Sp\u00e9ciale Prix du livre Photo-Texte 2019 Sophie Calle, Parce Que, \u00c9diteur Editions Xavier Barral, Graphisme Xavier Barral und Coline Aguettaz Depuis 42 ans, et gr\u00e2ce \u00e0 une programmation compos\u00e9e essentiellement de productions in\u00e9dites, les Rencontres dArles sont devenues le festival de r\u00e9f\u00e9rence denvergure internationale et restent un rendez-vous unique des amateurs, collectionneurs et professionnels de la photographie. Cest si pratique tout communique-Les Modillons, Vindelle, Charente.<\/p>\n","protected":false},"excerpt":{"rendered":"<p>fnac rencontres arles<\/p>\n","protected":false},"author":1,"featured_media":0,"comment_status":"closed","ping_status":"closed","sticky":false,"template":"","format":"standard","meta":{"footnotes":""},"categories":[1],"tags":[],"_links":{"self":[{"href":"http:\/\/bauclassroom.com\/info\/wp-json\/wp\/v2\/posts\/2963"}],"collection":[{"href":"http:\/\/bauclassroom.com\/info\/wp-json\/wp\/v2\/posts"}],"about":[{"href":"http:\/\/bauclassroom.com\/info\/wp-json\/wp\/v2\/types\/post"}],"author":[{"embeddable":true,"href":"http:\/\/bauclassroom.com\/info\/wp-json\/wp\/v2\/users\/1"}],"replies":[{"embeddable":true,"href":"http:\/\/bauclassroom.com\/info\/wp-json\/wp\/v2\/comments?post=2963"}],"version-history":[{"count":1,"href":"http:\/\/bauclassroom.com\/info\/wp-json\/wp\/v2\/posts\/2963\/revisions"}],"predecessor-version":[{"id":2964,"href":"http:\/\/bauclassroom.com\/info\/wp-json\/wp\/v2\/posts\/2963\/revisions\/2964"}],"wp:attachment":[{"href":"http:\/\/bauclassroom.com\/info\/wp-json\/wp\/v2\/media?parent=2963"}],"wp:term":[{"taxonomy":"category","embeddable":true,"href":"http:\/\/bauclassroom.com\/info\/wp-json\/wp\/v2\/categories?post=2963"},{"taxonomy":"post_tag","embeddable":true,"href":"http:\/\/bauclassroom.com\/info\/wp-json\/wp\/v2\/tags?post=2963"}],"curies":[{"name":"wp","href":"https:\/\/api.w.org\/{rel}","templated":true}]}}