{"id":3049,"date":"2020-09-25T17:55:07","date_gmt":"2020-09-25T17:55:07","guid":{"rendered":"http:\/\/bauclassroom.com\/info\/?p=3049"},"modified":"2020-09-21T17:52:08","modified_gmt":"2020-09-21T17:52:08","slug":"rencontre-de-la-commande-publique-responsable","status":"publish","type":"post","link":"http:\/\/bauclassroom.com\/info\/2020\/09\/25\/rencontre-de-la-commande-publique-responsable\/","title":{"rendered":"Rencontre De La Commande Publique Responsable"},"content":{"rendered":"<p><img decoding=\"async\" src=\"http:\/\/annlorcodina.com\/NoBirdTir\/NoBirdZoneTir.jpg\" alt=\"rencontre de la commande publique responsable\" align=\"center\"> Direction g\u00e9n\u00e9rale de la comp\u00e9titivit\u00e9, de lindustrie et des services Le d\u00e9veloppement des entreprises artisanales est au c\u0153ur de la mission de la CMA, Chambre de M\u00e9tiers dAlsace. Comment les amener \u00e0 sint\u00e9resser aux march\u00e9s publics et les accompagner dans le sujet de la d\u00e9mat\u00e9rialisation? C\u00e9cilia Kieffer, charg\u00e9e de d\u00e9veloppement \u00e9conomique et Point Info Commande Publique, fait le point sur loffre de coaching propos\u00e9e par la Chambre de M\u00e9tiers dAlsace.  Lengagement du D\u00e9partement inclut donc \u00e9galement une dimension territoriale mobilisation et partage des collectivit\u00e9s de la Loire-Atlantique indispensable pour la r\u00e9ussite de la transition \u00e9nerg\u00e9tique. Ouvrir la commande publique en garantissant lacc\u00e8s \u00e0 tous les op\u00e9rateurs ; Vendredi 12 juin 2020 : Conseil des f\u00e9d\u00e9rations CGI Troph\u00e9es r\u00e9gionaux du d\u00e9veloppement durable 2016: Les pieds sur terre laur\u00e9at!  Historique de la r\u00e9glementation D\u00c9CRET N 2016-360 DU 25 MARS 2016 RELATIF AUX MARCH\u00c9S PUBLICS Edition Metz et agglom\u00e9ration Masques made in Pakistan : Jean-Luc Bohl r\u00e9pond aux d\u00e9tracteurs Premi\u00e8res Rencontres de la commande publique \u00e0 Toulouse Fermer le menu URGENT-Le Comit\u00e9 21 Grand Ouest recherche un charg\u00e9 de mission junior Jai conduit ces derni\u00e8res semaines des entretiens avec les pr\u00e9sidents des principales soci\u00e9t\u00e9s de la BITD. Tous se sont f\u00e9licit\u00e9s de la qualit\u00e9 et de la fr\u00e9quence du dialogue entretenu avec vous. Nous attendons en cons\u00e9quence que vous nous expliquiez comment vous avez d\u00e9fini la hi\u00e9rarchie des priorit\u00e9s pour les activit\u00e9s que vous avez choisi de privil\u00e9gier et quelles furent ses activit\u00e9s. Formations inter-entreprise 100 en ligne : RSE et march\u00e9s publics Intitul\u00e9e Ensemble, d\u00e9veloppons les achats responsables, cette journ\u00e9e sappuiera sur des pratiques concr\u00e8tes et \u00e9prouv\u00e9es dans lesquelles lensemble des acteurs de terrain acteurs de linsertion, collectivit\u00e9s locales, prestataires ESAT et EA mutualisent leur savoir-faire pour proposer des solutions vertueuses, r\u00e9pondant par d\u00e9finition \u00e0 lensemble des enjeux RSE. Visitez le mus\u00e9e virtuel du logement social et du Mouvement Hlm CoWatt, le cotoiturage solaire-une initiative dun adh\u00e9rent du Comit\u00e9 21-est finaliste du dispositif Mon projet pour la Plan\u00e8te! Agence Bio, 2011. La Bio accentue son rayonnement en France. Dossier de presse. Agence Bio, Paris. Le projet de decret visant \u00e0 transposer les directives Europ\u00e9ennes est en ligne depuis ce jour. <img decoding=\"async\" src=\"http:\/\/size.blogspirit.net\/dixmai.com\/www\/819\/media\/02\/02\/3673063200.jpg\" alt=\"rencontre de la commande publique responsable\" align=\"left\"> vnd.openxmlformats-officedocument.spreadsheetml.sheet-333.76 KB \u00c0 loccasion de la journ\u00e9e nationale de lAudition, le 10 mars 2016, et dans le cadre dun partenariat avec lUgap, Approlys permet \u00e0 ses 600 adh\u00e9rents de fournir une solution cl\u00e9 en mains dacc\u00e8s \u00e0 tous les services publics pour les citoyens d\u00e9ficients auditifs. Infos 21 sp\u00e9cial Rubans du d\u00e9veloppement durable Que faire cet \u00e9t\u00e9 des enfants qui ne pourront pas partir en vacances, parce que les fronti\u00e8res restent ferm\u00e9es, ou parce que plus encore que dhabitude, les familles nauront pas les moyens de les faire partir? Gabriel Attal, secr\u00e9taire d\u00c9tat aupr\u00e8s du ministre de l\u00c9ducation nationale et de la Jeunesse sest rendu \u00e0 Ris-Orangis ce jeudi apr\u00e8s-midi pour sinspirer des dispositifs qui y existent. Il y a visit\u00e9, o\u00f9 lattendaient des responsables associatifs, et la ludoth\u00e8que du Plateau, o\u00f9 il a rencontr\u00e9 des familles. Lentreprise Proginov, reconnue pour mettre lhumain au centre de son mod\u00e8le social, est candidate au prix de lentrepreneur EY Profitant de cette opportunit\u00e9, les maitres douvrages tentent dorienter leurs march\u00e9s vers les entreprises employant des personnes en insertion. 6 Minist\u00e8re de l\u00c9conomie, des Finances et de lIndustrie, D\u00e9cret n o 2006-975 portant code des marc <img decoding=\"async\" src=\"http:\/\/smttbeta.files.wordpress.com\/2013\/11\/photo-smtt-plans.jpg\" alt=\"rencontre de la commande publique responsable\" align=\"center\">  Commande publique : comment b\u00e9n\u00e9ficier des march\u00e9s publics du territoire? le 13 mars \u00e0 Brest.<\/p>\n","protected":false},"excerpt":{"rendered":"<p>rencontre de la commande publique responsable<\/p>\n","protected":false},"author":1,"featured_media":0,"comment_status":"closed","ping_status":"closed","sticky":false,"template":"","format":"standard","meta":{"footnotes":""},"categories":[1],"tags":[],"_links":{"self":[{"href":"http:\/\/bauclassroom.com\/info\/wp-json\/wp\/v2\/posts\/3049"}],"collection":[{"href":"http:\/\/bauclassroom.com\/info\/wp-json\/wp\/v2\/posts"}],"about":[{"href":"http:\/\/bauclassroom.com\/info\/wp-json\/wp\/v2\/types\/post"}],"author":[{"embeddable":true,"href":"http:\/\/bauclassroom.com\/info\/wp-json\/wp\/v2\/users\/1"}],"replies":[{"embeddable":true,"href":"http:\/\/bauclassroom.com\/info\/wp-json\/wp\/v2\/comments?post=3049"}],"version-history":[{"count":1,"href":"http:\/\/bauclassroom.com\/info\/wp-json\/wp\/v2\/posts\/3049\/revisions"}],"predecessor-version":[{"id":3050,"href":"http:\/\/bauclassroom.com\/info\/wp-json\/wp\/v2\/posts\/3049\/revisions\/3050"}],"wp:attachment":[{"href":"http:\/\/bauclassroom.com\/info\/wp-json\/wp\/v2\/media?parent=3049"}],"wp:term":[{"taxonomy":"category","embeddable":true,"href":"http:\/\/bauclassroom.com\/info\/wp-json\/wp\/v2\/categories?post=3049"},{"taxonomy":"post_tag","embeddable":true,"href":"http:\/\/bauclassroom.com\/info\/wp-json\/wp\/v2\/tags?post=3049"}],"curies":[{"name":"wp","href":"https:\/\/api.w.org\/{rel}","templated":true}]}}