{"id":313,"date":"2020-09-18T19:50:23","date_gmt":"2020-09-18T19:50:23","guid":{"rendered":"http:\/\/bauclassroom.com\/info\/?p=313"},"modified":"2020-09-18T16:25:38","modified_gmt":"2020-09-18T16:25:38","slug":"poeme-de-la-rencontre","status":"publish","type":"post","link":"http:\/\/bauclassroom.com\/info\/2020\/09\/18\/poeme-de-la-rencontre\/","title":{"rendered":"Poeme De La Rencontre"},"content":{"rendered":"<p> <img decoding=\"async\" src=\"http:\/\/3.bp.blogspot.com\/-yH12HpYiquw\/UxT1GjkAWKI\/AAAAAAAAFqA\/4e8nx9rl5DE\/s1600\/poeme-d-amour-image.gif\" alt=\"poeme de la rencontre\" align=\"center\"> <img decoding=\"async\" src=\"http:\/\/p3.storage.canalblog.com\/32\/71\/739950\/68790452.jpg\" alt=\"poeme de la rencontre\" align=\"left\"> Ils vous aideront \u00e0 loral de fran\u00e7ais. Faites-en bon usage! Les commentaires sont class\u00e9s par ordre alphab\u00e9tique de leurs auteurs : Un message affectueux empli de tendresse; Des mots qui mon affection lui confessent! Cultive la patience et tu auras ta chance. Tu es une ado avec des qualit\u00e9s immenses. Penelope je naime que toi.. Tu as su insuffler en mon cour lenvie, le d\u00e9sir, lamour, lamiti\u00e9 et la vie, mon \u00e2me ne saurait pr\u00e9server plus longtemps sa qui\u00e9tude tant sans toi le monde mappara\u00eet morne, vide. Vide de sens, de charme et de couleur, de passion, de sentiment et dardeur. Lhiver en tes bras me sera doux \u00e9t\u00e9 et tes baisers, et tes douces caresses, rien ne me peut davantage combler.  Exhortation A L Amour Divin Poeme Du Xiiie Siecle Persee JE CHLO\u00c9 COL\u00c8RE PAS_GRAVE_INT4.indd 7 271113 12:22 Non, je ne l ouvrirai pas, cette porte! Je m en fiche de rater le bus. Je m en fiche du coll\u00e8ge, des cours, de ma moyenne, des contr\u00f4les, de mon avenir! Cest en 1870 quest publi\u00e9 son premier po\u00e8me Les Etrennes des orphelins. Un nouveau professeur, Georges Izambard, vient enseigner dans le lyc\u00e9e dArthur. Grand amateur de po\u00e9sie, lenseignant linitie \u00e0 cet art. Rimbaud d\u00e9couvre notamment la po\u00e9sie. En mai, Arthur adresse quelques-uns de ses po\u00e8mes \u00e0 Th\u00e9odore de Banville, afin d\u00eatre publi\u00e9 dans le Parnassien contemporain. Mais cette tentative reste infructueuse. En ao\u00fbt, la France entre en guerre contre la Prusse. Arthur, alors \u00e2g\u00e9 de 16 ans, fait sa premi\u00e8re fugue \u00e0 Paris. Il \u00e9crit le c\u00e9l\u00e8bre po\u00e8me Le Dormeur du Val. Cest son professeur Georges Izambard qui le fait sortir de prison. Lib\u00e9r\u00e9 d\u00e9but septembre, il fait une deuxi\u00e8me fugue vers la Belgique d\u00e9but octobre. Il envoie \u00e0 Paul Demeny deux lettres dites du voyant. Dans lune delle, il exprime sa volont\u00e9 de devenir un voyant, et ce par un long, immense et raisonn\u00e9 d\u00e9r\u00e8glement de tous les sens. Merci pour ce po\u00e8me pour Idir tr\u00e8s \u00e9mouvant et \u00e7a y est jai la pluie dans les yeux. Manu Dibango Christophe Idir sale p\u00e9riode. Bon courage \u00e0 vous et merci de nous accompagner tous les jours avec vos \u00e9missions de grande qualit\u00e9. Comment le lecteur et l\u00e9diteur que vous \u00eates habite ou habille le confinement? La relecture vous aide-t-elle \u00e0 tenir? La po\u00e9sie peut-elle \u00eatre un secours, un recours? Ces vers sont m\u00eame certainement ce que je ne peux tavouer <img decoding=\"async\" src=\"http:\/\/www.editions-paradigme.com\/pub\/2011_11_coin_de_table_Troubadours.jpg\" alt=\"poeme de la rencontre\" align=\"center\"> Inscrit 8 Octobre 2018 Messages 3,803 Jaime 5,066 Points 178 Localit\u00e9 Je suis Il sagirait plut\u00f4t du Oh! issue de la po\u00e9sie romantique, une interjection qui d\u00e9signe une forme de lamentation.  Il est temps, grand temps, que \u00e7a finisse 8. Croyez-vous que la crise actuelle va avoir un effet durable sur la soci\u00e9t\u00e9? Classes de CM2, \u00e9cole \u00e9l\u00e9mentaire Jean Mac\u00e9 Bourges Hello. And Bye. Post\u00c3 le : 1902 02:02:04-Par : Hughunjus Je viens vous pr\u00e9parer \u00e0 cet \u00e9v\u00e8nement : L illumination des consciences Cette r\u00e9v\u00e9lation est donn\u00e9e en fran\u00e7ais \u00e0 Sulema, une femme n\u00e9e en 1954 au Salvador. Depuis plus de 30 ans, elle vit au Canada avec Le vers 12 reprend lid\u00e9e romantique qui montre le po\u00e8te perdu dans le bonheur de son amour, et le fait que les oiseaux chantent semble montrer que la fille va r\u00e9pondre positivement \u00e0 linvitation. 12 Voir R. Char, Un feu dans un bocage aride, Sous ma casquette amarante, in \u0152uvres Compl\u00e8tes, p. 82 Pour les classes d\u00e9j\u00e0 inscrites, mais qui nont pas envoy\u00e9 leur photo, Am\u00e9lie, po\u00e8me de d\u00e9claration, message, mots cadeaux-Le po\u00e8te se plait \u00e0 souligner la simplicit\u00e9 et la beaut\u00e9 naturelle de la jeune fille. Quand j \u00e9tais petitpetite La nostalgie, tu connais? Voici une photo du professeur quand elle \u00e9tait enfant.. Observe cette photo Et \u00e9coute le professeur, il va te raconter quelques souvenirs d enfance. Une brigade po\u00e9tique est intervenue dans chacune des 5 classes.<\/p>\n","protected":false},"excerpt":{"rendered":"<p>poeme de la rencontre<\/p>\n","protected":false},"author":1,"featured_media":0,"comment_status":"closed","ping_status":"closed","sticky":false,"template":"","format":"standard","meta":{"footnotes":""},"categories":[1],"tags":[],"_links":{"self":[{"href":"http:\/\/bauclassroom.com\/info\/wp-json\/wp\/v2\/posts\/313"}],"collection":[{"href":"http:\/\/bauclassroom.com\/info\/wp-json\/wp\/v2\/posts"}],"about":[{"href":"http:\/\/bauclassroom.com\/info\/wp-json\/wp\/v2\/types\/post"}],"author":[{"embeddable":true,"href":"http:\/\/bauclassroom.com\/info\/wp-json\/wp\/v2\/users\/1"}],"replies":[{"embeddable":true,"href":"http:\/\/bauclassroom.com\/info\/wp-json\/wp\/v2\/comments?post=313"}],"version-history":[{"count":1,"href":"http:\/\/bauclassroom.com\/info\/wp-json\/wp\/v2\/posts\/313\/revisions"}],"predecessor-version":[{"id":314,"href":"http:\/\/bauclassroom.com\/info\/wp-json\/wp\/v2\/posts\/313\/revisions\/314"}],"wp:attachment":[{"href":"http:\/\/bauclassroom.com\/info\/wp-json\/wp\/v2\/media?parent=313"}],"wp:term":[{"taxonomy":"category","embeddable":true,"href":"http:\/\/bauclassroom.com\/info\/wp-json\/wp\/v2\/categories?post=313"},{"taxonomy":"post_tag","embeddable":true,"href":"http:\/\/bauclassroom.com\/info\/wp-json\/wp\/v2\/tags?post=313"}],"curies":[{"name":"wp","href":"https:\/\/api.w.org\/{rel}","templated":true}]}}