{"id":3289,"date":"2020-09-26T11:48:30","date_gmt":"2020-09-26T11:48:30","guid":{"rendered":"http:\/\/bauclassroom.com\/info\/?p=3289"},"modified":"2020-09-22T04:09:52","modified_gmt":"2020-09-22T04:09:52","slug":"les-rencontres-internationales-de-la-photo-de-fes-2012","status":"publish","type":"post","link":"http:\/\/bauclassroom.com\/info\/2020\/09\/26\/les-rencontres-internationales-de-la-photo-de-fes-2012\/","title":{"rendered":"Les Rencontres Internationales De La Photo De F\u00e8s 2012"},"content":{"rendered":"<p> Galerie C\u00e9cile Fakhoury-Rejoindre la mailing list La pr\u00e9paration se faisait dans le fameux tagine marocain \u00e0 base de terre cuite. En premier lieu, on met des morceaux de roseaux plats bien taill\u00e9s et bien dispos\u00e9s sur le fond du Tagine. Ensuite, on les couvre de rondelles de pommes de terre. Apr\u00e8s, on met de gros morceaux de poisson de chabel avec sa sauce ou tcharmila huile dolive, coriandre hach\u00e9, poivre, cumin, ail press\u00e9, sel. On le laisse mijoter sur le bras\u00e9ro traditionnel marocain \u00e0 laide du charbon de bois. Vers la fin, on ajoute des rondelles de tomates. La cuisson se faisait, g\u00e9n\u00e9ralement, \u00e0 feu doux pendant des heures. Votre avis nous int\u00e9resse. Cependant, Lib\u00e9 refusera de diffuser toute forme de message haineux, diffamatoire, calomnieux ou attentatoire \u00e0 lhonneur et \u00e0 la vie priv\u00e9e. La tentative am\u00e9ricaine, depuis novembre 2018, de par voie maritime, a eu un effet n\u00e9gatif sur la population. Il faut donc reconna\u00eetre que la reprise \u00e9ventuelle des approvisionnements en p\u00e9trole r\u00e9duirait les difficult\u00e9s pour les Syriens ordinaires mais elle aiderait le r\u00e9gime et ses clients \u00e0 senrichir \u00e0 nouveau. Dynamique en temps long et r\u00e9gularit\u00e9 pour les syst\u00e8mes hydrodynamiques, \u00e0 Nantes-La Syrie aujourdhui nest ni un \u00c9tat souverain ni un \u00c9tat civil, mais une dictature mafieuse r\u00e9gie par un mandat russe et influenc\u00e9e par lIran. <img decoding=\"async\" src=\"http:\/\/2.bp.blogspot.com\/-5YagvSzSMn4\/VQlPEGM0tlI\/AAAAAAAAAHI\/1DfeDuUNaz4\/s1600\/Untitled.png\" alt=\"les rencontres internationales de la photo de f\u00e8s 2012\" align=\"right\"> Curators : Ulrich Wilmes, Julienne Lorz, L\u00e9on Krempel and Patrizia Dander. 2014 : Pireneos Sur, XXIII Festival Internacional de las Culturas Diputaci\u00f3n de Huesca p. 57-61 MAINS, 13 Technique : Photographie Dimensions : 114 X 77 cm consacrer sa vie \u00e0 la beaut\u00e9 de la verticalit\u00e9, de la conscience et de la 7 bis : en fran\u00e7ais le Bulletin dinformation du Comit\u00e9 Syrie-Europe, apr\u00e8s Alep sp\u00e9cial femmes de mars 2018 : Remembrance Day Dedicated to the Memory of Professor Jonathan Michael Borwein, Institut Henri Poincar\u00e9, Paris-Paris Photo Agenda: Mectoub at Mariane Ibrahim Gallery, Seattle, USA, May 2015  The 15th Iran International Festival of University Theater <img decoding=\"async\" src=\"http:\/\/www.fes-city.com\/wp-content\/uploads\/2014\/12\/fes_tanneries_4.jpg\" alt=\"les rencontres internationales de la photo de f\u00e8s 2012\" align=\"right\"> A fraction of infinity, exposition personnelle du 29 septembre au 25 octobre 2015 <img decoding=\"async\" src=\"http:\/\/www.magiclub.com\/magiclub\/visuals\/maroc_fes_riad_myra_resto.jpg\" alt=\"les rencontres internationales de la photo de f\u00e8s 2012\" align=\"center\"> En privil\u00e9giant toutes les formes dexpressions, de la conception.. Journ\u00e9es du Programme G. Monge pour lOptimisation et la recherche op\u00e9rationnelle, \u00e0 Paris- Land, 33eme Estivales Photographiques du Tr\u00e9gor LImagerie Lannion.<\/p>\n","protected":false},"excerpt":{"rendered":"<p>les rencontres internationales de la photo de f\u00e8s 2012<\/p>\n","protected":false},"author":1,"featured_media":0,"comment_status":"closed","ping_status":"closed","sticky":false,"template":"","format":"standard","meta":{"footnotes":""},"categories":[1],"tags":[],"_links":{"self":[{"href":"http:\/\/bauclassroom.com\/info\/wp-json\/wp\/v2\/posts\/3289"}],"collection":[{"href":"http:\/\/bauclassroom.com\/info\/wp-json\/wp\/v2\/posts"}],"about":[{"href":"http:\/\/bauclassroom.com\/info\/wp-json\/wp\/v2\/types\/post"}],"author":[{"embeddable":true,"href":"http:\/\/bauclassroom.com\/info\/wp-json\/wp\/v2\/users\/1"}],"replies":[{"embeddable":true,"href":"http:\/\/bauclassroom.com\/info\/wp-json\/wp\/v2\/comments?post=3289"}],"version-history":[{"count":1,"href":"http:\/\/bauclassroom.com\/info\/wp-json\/wp\/v2\/posts\/3289\/revisions"}],"predecessor-version":[{"id":3290,"href":"http:\/\/bauclassroom.com\/info\/wp-json\/wp\/v2\/posts\/3289\/revisions\/3290"}],"wp:attachment":[{"href":"http:\/\/bauclassroom.com\/info\/wp-json\/wp\/v2\/media?parent=3289"}],"wp:term":[{"taxonomy":"category","embeddable":true,"href":"http:\/\/bauclassroom.com\/info\/wp-json\/wp\/v2\/categories?post=3289"},{"taxonomy":"post_tag","embeddable":true,"href":"http:\/\/bauclassroom.com\/info\/wp-json\/wp\/v2\/tags?post=3289"}],"curies":[{"name":"wp","href":"https:\/\/api.w.org\/{rel}","templated":true}]}}