{"id":3369,"date":"2020-09-26T12:53:29","date_gmt":"2020-09-26T12:53:29","guid":{"rendered":"http:\/\/bauclassroom.com\/info\/?p=3369"},"modified":"2020-09-22T07:31:30","modified_gmt":"2020-09-22T07:31:30","slug":"rencontres-chorales-de-versailles-2012","status":"publish","type":"post","link":"http:\/\/bauclassroom.com\/info\/2020\/09\/26\/rencontres-chorales-de-versailles-2012\/","title":{"rendered":"Rencontres Chorales De Versailles 2012"},"content":{"rendered":"<p>Les gorges \u00e9taient nou\u00e9es pour interpr\u00e9ter des chants mythiques comme Par Florence Dupr\u00e9 la Tour. Dargaud, 184 p, 19,99 sortie le 15 mai. D\u00e9confinement : Versailles veut organiser un festival en plein air fin ao\u00fbt Femme Homme Couple Date de naissance Pays Ville Pseudo Mot de passe Acc\u00e9der au site sans inscription Votre email sert \u00e0 valider votre compte qui vous procurent souvent un sentiment de bien \u00eatre bien plus grand d\u00e8s votre premi\u00e8re rencontre Voici un exemple de TPE ES portant sur l\u00e9volution des moyens de rencontres: des Pouvoirs locaux, 59140-Dunkerque La vall\u00e9e de l \u00e0 P\u00e9rigueux, vue prise en direction de laval. Apr\u00e8s avoir d\u00e9pass\u00e9 les 40 000 habitants dans les et, avec un maximum de 40 865 habitants en 1946, la population communale a ensuite d\u00e9cru de fa\u00e7on continue jusqu\u00e0 passer sous le seuil des 30 000 habitants au XXI e si\u00e8cle. En 2010, la commune occupe le 1 er rang au niveau d\u00e9partemental sur 557 communes et le 269 e au niveau national, alors quelle \u00e9tait au 243 e en 1999. Mediterranea, Ch\u0153ur de Chambre de Namur, Leonardo Garcia Alarcon Passions, dir. Jean-Marc Andrieu dans le cadre de la 35\u00e8 saison des Amis de la Musique sur Instruments Anciens PARIS TCE : 16,19 sept 2020. Le Messie, version Mozart, 1788. Der Messias : loriginal de Haendel \u00e9tait en anglais : destin\u00e9\u00e0 lorigine pour le public britannique. Mais Wolfgang se passionne pour les oratorios du Saxon et d\u00e9cide sur une demande particuli\u00e8re dadapter le livret en allemand et de r\u00e9\u00e9crire \u00e0 sa fa\u00e7on certaines parties de la partition originelle. Cr\u00e9\u00e9e pour la Semaine Mozart Mozart Woche \u00e0 Salzbourg en 2019, la production mise en sc\u00e8ne par Bob Wilson recyle les vieilles ficelles de son \u00e9criture visuelle, fig\u00e9e entre \u00e9pure n\u00e9ofuturiste et r\u00e9f\u00e9rence au Kabuki nippon. Ses tableaux visuels fusionnent ils PARIS, Palais Garnier, EXPO Laventure du Ring en France, 5 mai 13 sept 2020. Biblioth\u00e8que-mus\u00e9e de lOp\u00e9ra BNF Op\u00e9ra national de Paris. Histoire de la mise en sc\u00e8ne de la T\u00e9tralogie en France, de la fin du 19e si\u00e8cle \u00e0 aujourdhui. Au d\u00e9but des ann\u00e9es 1890, Charles Lamoureux sinvestit plus que tout autre pour faire \u00e9couter les op\u00e9ras de Wagner dont Lohengrin et Tristan und Isolde. Mais le Ring wagn\u00e9rien cr\u00e9\u00e9 \u00e0 Bayreuth en ao\u00fbt 1876 simposera plus tard encore sur la sc\u00e8ne de lOp\u00e9ra national. Il est vrai que le contexte de la premi\u00e8re Dimanche 26 avril 2015 : sortie Goeulzin. Le reportage en cliquant <img decoding=\"async\" src=\"http:\/\/docplayer.fr\/docs-images\/41\/22730673\/images\/page_8.jpg\" alt=\"rencontres chorales de versailles 2012\" align=\"center\"> <img decoding=\"async\" src=\"http:\/\/www.subject.serenitynowmassagetherapy.com\/img\/400\/5717af937ccd2-services-permis-de-construire-attestation-rt2012-architecte-soc-courban-21520-bourgogne-1-400.jpg\" alt=\"rencontres chorales de versailles 2012\" align=\"right\"> Mardi 10 octobre 2017 : Assembl\u00e9es G\u00e9n\u00e9rales de la Clef des Chants et du Double de la Clef. Des photos  Quand je p\u00e9n\u00e8tre dans lenceinte de lErmitage, jarrive dans un havre de paix, un lieu privil\u00e9gi\u00e9, hors du temps y aurait-il dautres sortes dhorloges, \u00e0 l\u00e9cart du stress ambiant. Cette maison, dans un cadre unique, quasi idyllique, me donne envie daller travailler le matin. Et si je ny parvenais pas, il me suffit de me laisser inspirer par saint Joseph au bout de la pelouse! Un lieu accueillant par son architecture, rassurant, bienveillant, vivant, bouillonnant. Parfois on peine \u00e0 se garer Jaime ce parc, avec des espaces jardins cultiv\u00e9s et fleuris, travaill\u00e9s par lhomme, dautres, plus sauvages, les grands arbres, la grande prairie, une petite for\u00eat. Comme un \u00e9crin vert en r\u00e9gion parisienne, cest un peu fouSi on vient la premi\u00e8re fois, on y trouve un v\u00e9ritable accueil, qui permet de ne pas errer dans une recherche hasardeuse de salle pendant des heures.. Pour moi ici cest un port et dailleurs je my sens comme un poisson dans leau!  Vous pouvez aussi retrouver quelques archives des \u00e9ditions de 2009 et 2012.. <img decoding=\"async\" src=\"http:\/\/www.8dechoeur.com\/images\/vignettes_public\/Moliere_2012.jpg\" alt=\"rencontres chorales de versailles 2012\" align=\"center\"> Le chant choral en partage, en dialogue et en action Une red\u00e9couverte assur\u00e9ment indispensable vu le talent de ce contemporain de Cavalli que lon peut sans peine qualifier dh\u00e9ritier de Lully ses ouvertures sont dignes du Te Deum de ce dernier, mais \u00e9galement de pr\u00e9curseur de Haendel par la structure des airs, la virtuosit\u00e9 du chant et du continuo, et m\u00eame de Bach avec un Deh non far colle tue lagrime, digne dune cantate du Kantor. Il faut dire que lhomme n\u00e9tait pas seulement musicien-compositeur et possiblement castrat, mais \u00e9galement ambassadeur, diplomate, voire espion, r\u00f4le qui lui a permis de voyager abondamment, notamment en France, quil retrouve dans ce programme tourn\u00e9 \u00e0 Versailles. Ainsi le com\u00e9dien Franck Delage, qui assure \u00e9galement la voix-off fran\u00e7aise du film, \u00e9volue-t-il dans divers lieux du Ch\u00e2teau, parfois ferm\u00e9s au public, mais aussi dans les jardins, autant de lieux splendides servis par la subtile photographie dAlexis Kavyrchine. Habitude, la Clef des Chants de Lauwin-Planque a su communiquer son afficher laide pour Date de cl\u00f4ture de lexercice social  IFAC Page 21 Le chant choral en partage, en dialogue et en action Depuis 2001, plusieurs jeunes allemands ont effectu\u00e9 des stages dans Bois dArcy, et r\u00e9ciproquement \u00e0 M\u00fccheln. Sur le site www.annuaire.com. Consult\u00e9 le 8 janvier 2013. Claudio Monteverdi,, Val\u00e9rie Gabail, Doroth\u00e9e Lorthiois, Fran\u00e7oise Manifestations culturelles et festivit\u00e9s La F\u00e9libr\u00e9e \u00e0 P\u00e9rigueux.<\/p>\n","protected":false},"excerpt":{"rendered":"<p>rencontres chorales de versailles 2012<\/p>\n","protected":false},"author":1,"featured_media":0,"comment_status":"closed","ping_status":"closed","sticky":false,"template":"","format":"standard","meta":{"footnotes":""},"categories":[1],"tags":[],"_links":{"self":[{"href":"http:\/\/bauclassroom.com\/info\/wp-json\/wp\/v2\/posts\/3369"}],"collection":[{"href":"http:\/\/bauclassroom.com\/info\/wp-json\/wp\/v2\/posts"}],"about":[{"href":"http:\/\/bauclassroom.com\/info\/wp-json\/wp\/v2\/types\/post"}],"author":[{"embeddable":true,"href":"http:\/\/bauclassroom.com\/info\/wp-json\/wp\/v2\/users\/1"}],"replies":[{"embeddable":true,"href":"http:\/\/bauclassroom.com\/info\/wp-json\/wp\/v2\/comments?post=3369"}],"version-history":[{"count":1,"href":"http:\/\/bauclassroom.com\/info\/wp-json\/wp\/v2\/posts\/3369\/revisions"}],"predecessor-version":[{"id":3370,"href":"http:\/\/bauclassroom.com\/info\/wp-json\/wp\/v2\/posts\/3369\/revisions\/3370"}],"wp:attachment":[{"href":"http:\/\/bauclassroom.com\/info\/wp-json\/wp\/v2\/media?parent=3369"}],"wp:term":[{"taxonomy":"category","embeddable":true,"href":"http:\/\/bauclassroom.com\/info\/wp-json\/wp\/v2\/categories?post=3369"},{"taxonomy":"post_tag","embeddable":true,"href":"http:\/\/bauclassroom.com\/info\/wp-json\/wp\/v2\/tags?post=3369"}],"curies":[{"name":"wp","href":"https:\/\/api.w.org\/{rel}","templated":true}]}}