{"id":3479,"date":"2020-09-26T04:53:44","date_gmt":"2020-09-26T04:53:44","guid":{"rendered":"http:\/\/bauclassroom.com\/info\/?p=3479"},"modified":"2020-09-22T12:45:07","modified_gmt":"2020-09-22T12:45:07","slug":"librairie-kleber-programme-conversations-rencontres-novembre-2012","status":"publish","type":"post","link":"http:\/\/bauclassroom.com\/info\/2020\/09\/26\/librairie-kleber-programme-conversations-rencontres-novembre-2012\/","title":{"rendered":"Librairie Kleber Programme Conversations-Rencontres Novembre 2012"},"content":{"rendered":"<p>\u0395\u03b4\u03c9\u03c3\u03b1\u03bd \u03c0\u03b9\u03c4\u03c3\u03b1 \u03c3\u03b5 \u03b1\u03c3\u03c4\u03b5\u03b3\u03bf Tax \u03b5\u03c5\u03b8\u03cd\u03bc\u03b7\u03c2 \u03c6\u03b9\u03bb\u03af\u03c0\u03c0\u03bf\u03c5 \u03b4\u03b7\u03bc\u03b7\u03c4\u03c1\u03b7 0,00 est fondatrice et directrice de la r\u00e9daction de Causeur. Pascal Dethurens laur\u00e9at du prix de litt\u00e9rature de lAcad\u00e9mie rh\u00e9nane 2015 Jeudi 21 janvier 2016, conf\u00e9rence de M. Nasser Nabavi sur Pierre Michon This product is not sold individually. You must select at least  LInstitut de litt\u00e9rature compar\u00e9e et son groupe de recherches LEurope des lettres sont heureux dannoncer:  <img decoding=\"async\" src=\"http:\/\/myfirstpocketpal.com\/wp-content\/uploads\/2016\/11\/penalite-2.jpg\" alt=\"librairie kleber programme conversations-rencontres novembre 2012\" align=\"right\"> LInstitut de litt\u00e9rature compar\u00e9e et son groupe de recherche LEurope des lettres sont heureux davoir pu accueillir la double conf\u00e9rence de M. Le Professeur Ales Pohorsky Universit\u00e9 de Prague dans le cade du s\u00e9minaire de Master 2 de Mme le Professeur Mich\u00e8le Finck et \u00e0 son initiative: \u03a4\u03b9 \u03b3\u03af\u03bd\u03b5\u03c4\u03b1\u03b9 \u03cc\u03c4\u03b1\u03bd \u03b1\u03c0\u03bf\u03c6\u03b1\u03c3\u03af\u03b6\u03b5\u03b9\u03c2 \u03bd\u03b1 \u03b1\u03c1\u03ac\u03be\u03b5\u03b9\u03c2 \u03c3\u03c4\u03bf\u03bd \u03ba\u03b1\u03bd\u03b1\u03c0\u03ad \u03ba\u03b1\u03b9 \u03bd\u03b1 \u03b1\u03c0\u03bf\u03bb\u03b1\u03cd\u03c3\u03b5\u03b9\u03c2 \u03c4\u03b1 \u03c6\u03c1\u03bf\u03cd\u03c4\u03b1.. De 10 heures 45 \u00e0 12 heures, Salle 414 du Portique Aux fins de lanalyse de la production litt\u00e9raire dun auteur, quel est lint\u00e9r\u00eat de se concentrer sur le dernier chapitre de sa vie? Loin de r\u00e9sider dans la c\u00e9l\u00e9bration dune image st\u00e9r\u00e9otyp\u00e9e dune vieillesse path\u00e9tiquement optimiste et sage ou dans la constatation de l\u00e9puisement des forces cr\u00e9atrices, lint\u00e9r\u00eat dune telle approche demeure dans la d\u00e9termination des relations entre ce processus dynamique quest le vieillissement et le processus de cr\u00e9ation dans lequel il sint\u00e8gre, afin de mettre en lumi\u00e8re dans quelle mesure ce continuum quest l\u00e9criture enregistre l\u00e9volution physiologique de celui qui \u00e9crit, tout en \u00e9voluant \u00e0 son tour. Elle anime l\u00e9mission Lesprit de lescalier sur Radio RCJ avec Alain Finkielkraut, le dimanche de 12 h \u00e0 12h30. 23-25 juin 2011: Colloque international: L\u00c9pop\u00e9e retrouv\u00e9e le jeudi 13 f\u00e9vrier 2014, salle 409, de 18h \u00e0 19h30 Conf\u00e9rence du Prof. G\u00e9rard Gasarian Tufts University, Bostonle le 14 septembre 2016 \u00e0 11h <img decoding=\"async\" src=\"http:\/\/www.meniiscus.ga\/fileadmin\/_processed_\/csm_noel_montfrin_be81f3f97d.jpg\" alt=\"librairie kleber programme conversations-rencontres novembre 2012\" align=\"center\">-fictions ou pi\u00e8ces de th\u00e9\u00e2tre montrant les effets de l\u0153uvre sur le spectateur. Les doctorants \u00e0 partir de la 2 e ann\u00e9e de th\u00e8se \u00e9taient invit\u00e9s \u00e0 pr\u00e9senter la probl\u00e9matique g\u00e9n\u00e9rale de leur travail au cours dexpos\u00e9s de 10 minutes organis\u00e9s en ateliers th\u00e9matiques et r\u00e9unissant, avec dautres doctorants, des docteurs r\u00e9cents et des enseignants-chercheurs en litt\u00e9rature compar\u00e9e venus de diverses universit\u00e9s. Chaque atelier ouvrait ensuite \u00e0 une discussion \u00e9largie entre les participants. Conf\u00e9rence par Alice Godfroy, agr\u00e9g\u00e9e, doctorante Universit\u00e9 de Strasbourg, Prof. Finck dir. Et Freie Universit\u00e4t Berlin, Prof G. Brandstetter dir, salle 409, 14h-15h30. La conf\u00e9rence sest tenue le mercredi 3 avril 2019 de 12h \u00e0 13h30 salle 409. Pour consulter une notice biographique du po\u00e8te, cliquez ; et pour consulter la liste de ses principales publications, cliquez ; enfin pour voir une photographie du po\u00e8te, cliquez. Jean-Paul Eng\u00e9libert, professeur de litt\u00e9rature compar\u00e9e \u00e0 lUniversit\u00e9 Bordeaux-Montaigne, sentretiendra avec Patrick Werly \u00e0 propos de son dernier livre : Fabuler la fin du monde. La puissance critique des fictions dapocalypse, La D\u00e9couverte, 2019  Linstitut de litt\u00e9rature compar\u00e9e et son groupe de recherches LEurope des lettressont heureux davoir accueilli le colloque Litt\u00e9rature compar\u00e9e et cin\u00e9ma \u00e0 luniversit\u00e9 de Strasbourg, les 17 et 18 mars 2016. <img decoding=\"async\" src=\"http:\/\/www.seven.lauraandakshay.net\/wp-content\/uploads\/2016\/04\/bandeau-NL01.png\" alt=\"librairie kleber programme conversations-rencontres novembre 2012\" align=\"center\"> La conf\u00e9rence inaugurale du cycle 2012-2013 de lEurope des lettres a eu lieu le jeudi 11 octobre \u00e0 18h15 salle 409; elle a \u00e9t\u00e9 donn\u00e9e par M. Mathieu Jung, doctorant en litt\u00e9rature compar\u00e9e de luniversit\u00e9 de Strasbourg Prof. Pascal Dethurens dir. Et portait pour titre: Limaginaire des machines Raymond Roussel, James Joyce.<\/p>\n","protected":false},"excerpt":{"rendered":"<p>librairie kleber programme conversations-rencontres novembre 2012<\/p>\n","protected":false},"author":1,"featured_media":0,"comment_status":"closed","ping_status":"closed","sticky":false,"template":"","format":"standard","meta":{"footnotes":""},"categories":[1],"tags":[],"_links":{"self":[{"href":"http:\/\/bauclassroom.com\/info\/wp-json\/wp\/v2\/posts\/3479"}],"collection":[{"href":"http:\/\/bauclassroom.com\/info\/wp-json\/wp\/v2\/posts"}],"about":[{"href":"http:\/\/bauclassroom.com\/info\/wp-json\/wp\/v2\/types\/post"}],"author":[{"embeddable":true,"href":"http:\/\/bauclassroom.com\/info\/wp-json\/wp\/v2\/users\/1"}],"replies":[{"embeddable":true,"href":"http:\/\/bauclassroom.com\/info\/wp-json\/wp\/v2\/comments?post=3479"}],"version-history":[{"count":1,"href":"http:\/\/bauclassroom.com\/info\/wp-json\/wp\/v2\/posts\/3479\/revisions"}],"predecessor-version":[{"id":3480,"href":"http:\/\/bauclassroom.com\/info\/wp-json\/wp\/v2\/posts\/3479\/revisions\/3480"}],"wp:attachment":[{"href":"http:\/\/bauclassroom.com\/info\/wp-json\/wp\/v2\/media?parent=3479"}],"wp:term":[{"taxonomy":"category","embeddable":true,"href":"http:\/\/bauclassroom.com\/info\/wp-json\/wp\/v2\/categories?post=3479"},{"taxonomy":"post_tag","embeddable":true,"href":"http:\/\/bauclassroom.com\/info\/wp-json\/wp\/v2\/tags?post=3479"}],"curies":[{"name":"wp","href":"https:\/\/api.w.org\/{rel}","templated":true}]}}