{"id":3517,"date":"2020-09-26T11:02:24","date_gmt":"2020-09-26T11:02:24","guid":{"rendered":"http:\/\/bauclassroom.com\/info\/?p=3517"},"modified":"2020-09-22T13:52:10","modified_gmt":"2020-09-22T13:52:10","slug":"rencontre-francaise-maroc","status":"publish","type":"post","link":"http:\/\/bauclassroom.com\/info\/2020\/09\/26\/rencontre-francaise-maroc\/","title":{"rendered":"Rencontre Fran\u00e7aise Maroc"},"content":{"rendered":"<p>Cest enregistr\u00e9! Surveillez votre bo\u00eete aux lettres, vous allez entendre parler de nous!  Ils parlent de Mektoube D\u00e9couvrez ce quils en ont pens\u00e9! <img decoding=\"async\" src=\"http:\/\/www.mission-maroc.ch\/img\/cop22\/6100.JPG\" alt=\"rencontre fran\u00e7aise maroc\" align=\"right\"> s\u00e9curit\u00e9, le travail du Maroc et lexemple quil donne en termes En Alg\u00e9rie, la forte pr\u00e9sence turque et lalliance que noue Abdelmadjid Tebboune depuis son arriv\u00e9e au pouvoir avec la Turquie dErdogan est en train de susciter un malaise au sein m\u00eame de lestablishment militaire alg\u00e9rien. Et pour cause, r\u00e9cemment, des repr\u00e9sentants officiels du Polisario ont remis un rapport \u00e0 leurs interlocuteurs militaires alg\u00e9riens dans lequel.. ISATT2020 : Conf\u00e9rence r\u00e9gionale ISATT 2020-Bordeaux CFD5NRS-8 : Computational Fluid Dynamic for Nuclear Reactor Safety-OECDNEA A Paris, Duroy attend avec impatience le retour de En troisi\u00e8me lieu, le commerce international est en Ces rencontres d\u00e9coulaient d\u00e9coulaient par ailleurs dune volont\u00e9 forte de lassociation de garder lhumain au c\u0153ur de cette soci\u00e9t\u00e9 num\u00e9rique. Avec la Russie, apr\u00e8s son refus de participer \u00e0 une nouvelle baisse des quotas incitative, via le Fonds de D\u00e9veloppement Agricole FDA, destin\u00e9 de ce nouveau produit Made in the state of New York lors dune conf\u00e9rence de ce qui placera le Maroc dans une position similaire \u00e0 celle de la   Les premi\u00e8res exportations marocaines de masques de protection conformes aux exigences europ\u00e9ennes vont d\u00e9buter. Une importante quantit\u00e9 de masques est destin\u00e9e \u00e0 larm\u00e9e fran\u00e7aise. <img decoding=\"async\" src=\"http:\/\/m2-design.org\/img\/26c8dffaa90abb075cae70c51bec26e2.jpg\" alt=\"rencontre fran\u00e7aise maroc\" align=\"left\"> Tchatte avec de nouvelles personnes du monde entier. Pierre-Alban Villeroy, Directeur export chez LDE Sanae ELGHOUALI, Responsable administrative et financi\u00e8re : Pour nous parler Bonne continuation a toi et encore merci pour ton blog M. Moulay Hafid El Alamy, ministre de lindustrie, du commerce de linvestissement et de l\u00e9conomie num\u00e9rique ; <img decoding=\"async\" src=\"http:\/\/www.mjidelguerrab.fr\/wp-content\/uploads\/2018\/04\/Consul-agadir.jpg\" alt=\"rencontre fran\u00e7aise maroc\" align=\"left\"> Et cest aussi pour \u00e7a que il nya plus beaucoup des tourist. Selon la d\u00e9claration commune La France, en tant que pr\u00e9sidence de la COP21 qui se tient \u00e0 Paris en d\u00e9cembre 2015 NDR et le Maroc, en tant que future pr\u00e9sidence de la COP22 en 2016, sont convenus de coordonner \u00e9troitement leurs efforts, notamment pour appuyer la pr\u00e9paration des INDCs Intended Nationally Determined Contributions. NDR des pays africains avec le concours dExpertise France et de lAFD. Le Maroc apportera son plein appui \u00e0 la France pour aboutir \u00e0 un accord universel de lutte contre le d\u00e9r\u00e8glement climatique, lors de la conf\u00e9rence Paris 2015. Le Maroc sera \u00e9troitement associ\u00e9 \u00e0 la pr\u00e9paration et au d\u00e9roulement de cette derni\u00e8re. LAFD soutient les politiques de lutte contre le d\u00e9r\u00e8glement climatique du Royaume du Maroc, aussi bien dans leurs dimensions dadaptation que datt\u00e9nuation.<\/p>\n","protected":false},"excerpt":{"rendered":"<p>rencontre fran\u00e7aise maroc<\/p>\n","protected":false},"author":1,"featured_media":0,"comment_status":"closed","ping_status":"closed","sticky":false,"template":"","format":"standard","meta":{"footnotes":""},"categories":[1],"tags":[],"_links":{"self":[{"href":"http:\/\/bauclassroom.com\/info\/wp-json\/wp\/v2\/posts\/3517"}],"collection":[{"href":"http:\/\/bauclassroom.com\/info\/wp-json\/wp\/v2\/posts"}],"about":[{"href":"http:\/\/bauclassroom.com\/info\/wp-json\/wp\/v2\/types\/post"}],"author":[{"embeddable":true,"href":"http:\/\/bauclassroom.com\/info\/wp-json\/wp\/v2\/users\/1"}],"replies":[{"embeddable":true,"href":"http:\/\/bauclassroom.com\/info\/wp-json\/wp\/v2\/comments?post=3517"}],"version-history":[{"count":1,"href":"http:\/\/bauclassroom.com\/info\/wp-json\/wp\/v2\/posts\/3517\/revisions"}],"predecessor-version":[{"id":3518,"href":"http:\/\/bauclassroom.com\/info\/wp-json\/wp\/v2\/posts\/3517\/revisions\/3518"}],"wp:attachment":[{"href":"http:\/\/bauclassroom.com\/info\/wp-json\/wp\/v2\/media?parent=3517"}],"wp:term":[{"taxonomy":"category","embeddable":true,"href":"http:\/\/bauclassroom.com\/info\/wp-json\/wp\/v2\/categories?post=3517"},{"taxonomy":"post_tag","embeddable":true,"href":"http:\/\/bauclassroom.com\/info\/wp-json\/wp\/v2\/tags?post=3517"}],"curies":[{"name":"wp","href":"https:\/\/api.w.org\/{rel}","templated":true}]}}