{"id":3637,"date":"2020-09-27T15:26:00","date_gmt":"2020-09-27T15:26:00","guid":{"rendered":"http:\/\/bauclassroom.com\/info\/?p=3637"},"modified":"2020-09-22T17:59:53","modified_gmt":"2020-09-22T17:59:53","slug":"les-rencontres-du-sud-arles","status":"publish","type":"post","link":"http:\/\/bauclassroom.com\/info\/2020\/09\/27\/les-rencontres-du-sud-arles\/","title":{"rendered":"Les Rencontres Du Sud Arles"},"content":{"rendered":"<p>Festival Les Suds a Arles : la video de la 23e edition est en ligne! Les feux, attis\u00e9s par un vent violent, mobilisent les sapeurs-pompiers depuis cette apr\u00e8s-midi. <img decoding=\"async\" src=\"http:\/\/rias.arles.free.fr\/images\/logo.gif\" alt=\"les rencontres du sud arles\" align=\"center\"> Les conditions de circulation routi\u00e8re peuvent \u00eatre rendues extr\u00eamement difficiles sur lensemble du r\u00e9seau. JH Engstr\u00f6m Anknytningar Correspondances Correspondences Du mercredi 3 juin au samedi 29 ao\u00fbt 2020 www.cacp-villaperochon.com Malgr\u00e9 le report des Rencontres de la jeune photographie internationale 2020 en avril 2021 en.. En cochant cette case jaccepte que mes donn\u00e9es personnelles soient utilis\u00e9es pour me contacter. Pour accompagner l\u00e9quipe permanente dans lorganisation du Festival, Les SUDS, \u00e0 ARLES propose diff\u00e9rentes missions en stage ou service civique. <img decoding=\"async\" src=\"http:\/\/paysdarlesentransition.org\/wp-content\/uploads\/2017\/11\/22859729_2173695009322969_2804493545850957809_o-220x300.jpg\" alt=\"les rencontres du sud arles\" align=\"left\">  3 Les textes en italique sont des citations du dossier de presse des Rencontres internationales de la photographie \u00e0 Arles  Des dizaines de manifestations culturelles et litt\u00e9raires dont les Assises de la traduction litt\u00e9raire, Festival Paroles Indigo, De ses battements delles, Lectures en Arles, Cosmos Arles Book..  Quelques d\u00e9g\u00e2ts peuvent affecter les r\u00e9seaux de distribution d\u00e9lectricit\u00e9 et de t\u00e9l\u00e9phone. Au regard des pistes de r\u00e9flexion soulev\u00e9es lors de la conf\u00e9rence, et gr\u00e2ce \u00e0 une m\u00e9thodologie de travail participative, \u00e0 vous de proposer les sujets de travail que vous souhaitez voir d\u00e9velopper dans le cadre de cette rencontre. Signalez sans attendre les d\u00e9parts de feux dont vous pourriez \u00eatre t\u00e9moins. Lecture, concert, spectacle, s\u00e9rie, mus\u00e9e, appli, podcast.. La Marseillaise vous propose chaque jour une s\u00e9lection <img decoding=\"async\" src=\"http:\/\/hotel-paris-creteil.fr\/images\/pages\/887985344.jpg\" alt=\"les rencontres du sud arles\" align=\"right\"> Culture, 13-Bouches-du-Rh\u00f4ne Les Rencontres de la Photographie dArles-50 ans dexpos! justificatif peut directement \u00eatre ajout\u00e9 en ligne lors de Les Nuits des Forges, Parc des Ateliers Les Nuits des Forges, Parc des Ateliers Livre: PhotoBrut, Collection Bruno Decharme Compagnie, Ed. Flammarion, 320 p, 49. Mohamed Bourouissa-Libre-\u00e9change Le Festival International des Cr\u00e9ateurs de Mode de Dinan, repouss\u00e9 une premi\u00e8re fois \u00e0 la mi-juin, est reprogramm\u00e9 du 4 au 6 d\u00e9cembre. \u00c9v\u00e9nements sportifs Passionn\u00e9e par la photographie et le visuel Jodie a \u00e9tudi\u00e9 le Cin\u00e9ma et lHistoire. Elle sint\u00e9resse \u00e0 limage car cest un langage universel et pour la force que peut contenir une belle composition. Elle aime aussi voyager et la vid\u00e9o. Dans le cadre de sa saison de pr\u00e9figuration 2019, invite Les Suds, \u00e0 Arles pour une soir\u00e9e concert \u00e0 Uz\u00e8s vendredi 11 octobre 2019 avec Winston McAnuff Fixi et une premi\u00e8re partie assur\u00e9e par Bongi. Acc\u00e8s 24h24 \u00e0 votre espace de gestion et de t\u00e9l\u00e9chargement L\u00e9v\u00e9nement qui se tient du 2 juillet au 23 septembre, est \u00e0 la photo ce que Cannes est au cin\u00e9ma. En 49 \u00e9ditions, il a m\u00e9tamorphos\u00e9 la capitale camarguaise, y attirant des artistes du monde entier. Enqu\u00eate sur un succ\u00e8s culturel fran\u00e7ais. Ne vous engagez en aucun cas, \u00e0 pied ou en voiture, sur une voie immerg\u00e9e ou \u00e0 proximit\u00e9 dun cours deau. Un v\u00e9hicule m\u00eame un 4&#215;4, peut \u00eatre emport\u00e9 dans 30 centim\u00e8tres deau.<\/p>\n","protected":false},"excerpt":{"rendered":"<p>les rencontres du sud arles<\/p>\n","protected":false},"author":1,"featured_media":0,"comment_status":"closed","ping_status":"closed","sticky":false,"template":"","format":"standard","meta":{"footnotes":""},"categories":[1],"tags":[],"_links":{"self":[{"href":"http:\/\/bauclassroom.com\/info\/wp-json\/wp\/v2\/posts\/3637"}],"collection":[{"href":"http:\/\/bauclassroom.com\/info\/wp-json\/wp\/v2\/posts"}],"about":[{"href":"http:\/\/bauclassroom.com\/info\/wp-json\/wp\/v2\/types\/post"}],"author":[{"embeddable":true,"href":"http:\/\/bauclassroom.com\/info\/wp-json\/wp\/v2\/users\/1"}],"replies":[{"embeddable":true,"href":"http:\/\/bauclassroom.com\/info\/wp-json\/wp\/v2\/comments?post=3637"}],"version-history":[{"count":1,"href":"http:\/\/bauclassroom.com\/info\/wp-json\/wp\/v2\/posts\/3637\/revisions"}],"predecessor-version":[{"id":3638,"href":"http:\/\/bauclassroom.com\/info\/wp-json\/wp\/v2\/posts\/3637\/revisions\/3638"}],"wp:attachment":[{"href":"http:\/\/bauclassroom.com\/info\/wp-json\/wp\/v2\/media?parent=3637"}],"wp:term":[{"taxonomy":"category","embeddable":true,"href":"http:\/\/bauclassroom.com\/info\/wp-json\/wp\/v2\/categories?post=3637"},{"taxonomy":"post_tag","embeddable":true,"href":"http:\/\/bauclassroom.com\/info\/wp-json\/wp\/v2\/tags?post=3637"}],"curies":[{"name":"wp","href":"https:\/\/api.w.org\/{rel}","templated":true}]}}