{"id":3779,"date":"2020-09-27T16:09:24","date_gmt":"2020-09-27T16:09:24","guid":{"rendered":"http:\/\/bauclassroom.com\/info\/?p=3779"},"modified":"2020-09-22T21:34:00","modified_gmt":"2020-09-22T21:34:00","slug":"kto-rencontre-assise","status":"publish","type":"post","link":"http:\/\/bauclassroom.com\/info\/2020\/09\/27\/kto-rencontre-assise\/","title":{"rendered":"Kto Rencontre Assise"},"content":{"rendered":"<p> <img decoding=\"async\" src=\"http:\/\/www.maisonculturedialogue.com\/upload\/files\/expo-maurice-le-defi-36.jpg\" alt=\"kto rencontre assise\" align=\"center\"> 2019 sera lann\u00e9e du VIIIe centenaire du passage de Fran\u00e7ois dAssise \u00e0 Damiette et \u00e0 Saint-Jean-dAcre. Ce sera loccasion de c\u00e9l\u00e9brer cette rencontre Elles posent des questions aussi bien \u00e0 lune qu\u00e0 lautre partie. Elles \u00f4tent aux ath\u00e9es militants leur fausse certitude, par laquelle ils pr\u00e9tendent savoir quil nexiste pas de Dieu, et elles les invitent \u00e0 devenir, plut\u00f4t que pol\u00e9miques, des personnes en recherche, qui ne perdent pas lesp\u00e9rance que la v\u00e9rit\u00e9 existe et que nous pouvons et devons vivre en fonction delle. Mais elles mettent aussi en cause les adeptes des religions, pour quils ne consid\u00e8rent pas Dieu comme une propri\u00e9t\u00e9 qui leur appartient, si bien quils se sentent autoris\u00e9s \u00e0 la violence envers les autres. Ces personnes cherchent la v\u00e9rit\u00e9, elles cherchent le vrai Dieu, dont limage dans les religions, \u00e0 cause de la fa\u00e7on dont elles sont souvent pratiqu\u00e9es, est fr\u00e9quemment cach\u00e9e. Quelles ne r\u00e9ussissent pas \u00e0 trouver Dieu d\u00e9pend aussi des croyants avec leur image r\u00e9duite ou m\u00eame d\u00e9form\u00e9e de Dieu. Ainsi, leur lutte int\u00e9rieure et leur interrogation sont aussi un appel pour nous les croyants pour tous les croyants \u00e0 purifier leur propre foi, afin que Dieu le vrai Dieu devienne accessible. Cest pourquoi, jai invit\u00e9 sp\u00e9cialement des repr\u00e9sentants de ce troisi\u00e8me groupe \u00e0 notre rencontre \u00e0 Assise, qui ne r\u00e9unit pas seulement des repr\u00e9sentants dinstitutions religieuses. Lintervention de Julia Kristeva, avant celle de Beno\u00eet XVI, lui apportait une r\u00e9ponse anticip\u00e9e : La Bible, les Evangiles, le Coran, le Rigveda, le Tao nous habitent au pr\u00e9sent. Pour que lhumanisme puisse se d\u00e9velopper et se refonder, le moment est venu de reprendre les codes moraux construits au cours de lhistoire. Dimanche 09 octobre : le d\u00e9roulement du week-end se poursuit dans lesprit dAssise au Centre Social Italien, Chauss\u00e9e de Tongres, 286 \u00e0 4000 Rocourt. Avec d\u00e8s 14h, une rencontre interreligieuse sur le th\u00e8me de la paix dans le monde. Divers stands de religions diff\u00e9rentes pr\u00e9senteront de mani\u00e8re concr\u00e8te leur fa\u00e7on de vivre la foi. Chaque confession affichera son identit\u00e9 au moyen de mini-conf\u00e9rences et expliquera sa mani\u00e8re de vivre la paix. Enfin, \u00e017h le week-end se cl\u00f4turera par un temps de pri\u00e8re o\u00f9 chaque confession priera pour la paix dans le monde dans lesprit dAssise. Groupe des Foyers Islamo-Chr\u00e9tiens GFIC : caf\u00e9 couples. Le, \u00e0 loccasion du 30 e anniversaire de la rencontre de 1986, la organise une nouvelle rencontre interreligieuse \u00e0 Assise Vid\u00e9o. Hom\u00e9lie du pape Fran\u00e7ois \u00e0 Assise, le 4 octobre. Dur\u00e9e : 13 min 30. Source : KTO.  Il ach\u00e8vera ce voyage en Roumanie, son 30\u00e8me d\u00e9placement l\u00e9tranger, par une rencontre avec des familles de la communaut\u00e9 rom, qui souffre de discriminations diverses au travail, \u00e0 l\u00e9cole et dans ladministration. Je vous salue, \u00f4 C\u0153ur sacr\u00e9 de J\u00e9sus, source vive et vivifiante de la vie \u00e9ternelle, tr\u00e9sor infini de la Divinit\u00e9, fournaise ardente du divin amour. Vous \u00eates mon asile et le lieu de mon repos. O mon divin Sauveur, embrasez mon c\u0153ur de lardent amour dont le v\u00f4tre est tout enflamm\u00e9. R\u00e9pandez dans mon c\u0153ur les grandes gr\u00e2ces dont le v\u00f4tre est la source et faites que mon c\u0153ur soit tellement uni au v\u00f4tre que votre volont\u00e9 soit la mienne et que la mienne soit \u00e9ternellement conforme \u00e0 la v\u00f4tre, puisque je d\u00e9sire d\u00e9sormais que votre sainte volont\u00e9 soit la r\u00e8gle de tous mes d\u00e9sirs et de toutes mes actions M. Michel Youn\u00e8s, Directeur du Centre d\u00c9tudes des Cultures et Religions, Institut catholique de Lyon <img decoding=\"async\" src=\"http:\/\/www.fondationfrancoisdassise.fr\/fr\/images_db\/2016-10-25.png\" alt=\"kto rencontre assise\" align=\"center\">  <img decoding=\"async\" src=\"http:\/\/cdn.purple.fr\/807be9ede90264037051894bd4960b74\/static.purple.fr\/2017\/10\/purple0051-768x512.jpg\/400x290c\/purple0051-768x512.jpg\" alt=\"kto rencontre assise\" align=\"left\"> Rating is available when the video has been rented. Il y a eu cependant des bavures : au Sri Lanka, o\u00f9 larm\u00e9e est rest\u00e9e dans ses casernes comme lavait d\u00e9cid\u00e9 le gouvernement en r\u00e9ponse \u00e0 lappel du Pape, des ind\u00e9pendantistes tamouls ont tu\u00e9 un soldat cinghalais. Le d\u00e9sir de Beno\u00eet XVI de revivre le 25e anniversaire de la rencontre historique dAssise en 1986 ne r\u00e9pond pas seulement \u00e0 un motif de c\u00e9l\u00e9bration et encore moins \u00e0 lintention de trouver une religion globale, cest ce qua affirm\u00e9 le pr\u00e9sident du Conseil pontifical Justice et paix, le cardinal Peter Turkson. Il est vrai quen convoquant une journ\u00e9e de pri\u00e8re pour la paix dans la ville de Saint-Fran\u00e7ois le 27 octobre, 25 ans apr\u00e8s linitiative de Jean-Paul II, Beno\u00eet XVI tente de clarifier les choses : pas de syncr\u00e9tisme religieux, mais une volont\u00e9 de convier les religieux et les hommes de bonne volont\u00e9 \u00e0 sengager unanimement pour la paix. Car la nouveaut\u00e9 de cette rencontre est linvitation faite aux non-croyants, dans lesprit du Parvis des Gentils. D\u00e8s lors, quattendre de cette rencontre? Dans son encyclique sociale, Beno\u00eet XVI rappelle que la paix est le fruit dun engagement soutenu par un amour plein de v\u00e9rit\u00e9. Faut-il donc sattendre \u00e0 des points daccroche entre les dignitaires religieux pr\u00e9sents? En quoi cette rencontre se distingue-t-elle des pr\u00e9c\u00e9dentes? R\u00e9gis Burnet re\u00e7oit Jean-Pierre Denis, directeur de la r\u00e9daction de la Vie et Christophe Geffroy, directeur de la r\u00e9daction de la Nef, pour d\u00e9battre sur les Rencontres dAssise. La r\u00e9daction de KTO vous propose dapprofondir de grands dossiers dactualit\u00e9 ou de la vie de lEglise. Le d\u00e9pouillement de saint Fran\u00e7ois en pr\u00e9sence de l\u00e9v\u00eaque dAssise. Toute l\u00e9quipe de Franciscans International nous demande de soutenir leurs efforts par la pri\u00e8re. Assise 1986 2011 : la r\u00e9forme dans la continuit\u00e9-FSSPX.Actualit\u00e9s FSSPX.News \u00c9tends la m\u00eame paix, Seigneur, sur nos vies finissantes. Quand lombre des grands monts, lombre des collines \u00e9ternelles sapprochera de mon \u00e2me, fais que cette ombre demeure travers\u00e9e par ta lumi\u00e8re. Donne-moi alors, Seigneur, dentendre sans crainte, avec joie, cette invitation quun jour, sur le lac, tu adressais \u00e0 tes disciples : Passons \u00e0 lautre rive Lc 8, 22.<\/p>\n","protected":false},"excerpt":{"rendered":"<p>kto rencontre assise<\/p>\n","protected":false},"author":1,"featured_media":0,"comment_status":"closed","ping_status":"closed","sticky":false,"template":"","format":"standard","meta":{"footnotes":""},"categories":[1],"tags":[],"_links":{"self":[{"href":"http:\/\/bauclassroom.com\/info\/wp-json\/wp\/v2\/posts\/3779"}],"collection":[{"href":"http:\/\/bauclassroom.com\/info\/wp-json\/wp\/v2\/posts"}],"about":[{"href":"http:\/\/bauclassroom.com\/info\/wp-json\/wp\/v2\/types\/post"}],"author":[{"embeddable":true,"href":"http:\/\/bauclassroom.com\/info\/wp-json\/wp\/v2\/users\/1"}],"replies":[{"embeddable":true,"href":"http:\/\/bauclassroom.com\/info\/wp-json\/wp\/v2\/comments?post=3779"}],"version-history":[{"count":1,"href":"http:\/\/bauclassroom.com\/info\/wp-json\/wp\/v2\/posts\/3779\/revisions"}],"predecessor-version":[{"id":3780,"href":"http:\/\/bauclassroom.com\/info\/wp-json\/wp\/v2\/posts\/3779\/revisions\/3780"}],"wp:attachment":[{"href":"http:\/\/bauclassroom.com\/info\/wp-json\/wp\/v2\/media?parent=3779"}],"wp:term":[{"taxonomy":"category","embeddable":true,"href":"http:\/\/bauclassroom.com\/info\/wp-json\/wp\/v2\/categories?post=3779"},{"taxonomy":"post_tag","embeddable":true,"href":"http:\/\/bauclassroom.com\/info\/wp-json\/wp\/v2\/tags?post=3779"}],"curies":[{"name":"wp","href":"https:\/\/api.w.org\/{rel}","templated":true}]}}