{"id":3905,"date":"2020-09-27T07:59:48","date_gmt":"2020-09-27T07:59:48","guid":{"rendered":"http:\/\/bauclassroom.com\/info\/?p=3905"},"modified":"2020-09-23T02:31:02","modified_gmt":"2020-09-23T02:31:02","slug":"rencontre-glorieuse","status":"publish","type":"post","link":"http:\/\/bauclassroom.com\/info\/2020\/09\/27\/rencontre-glorieuse\/","title":{"rendered":"Rencontre Glorieuse"},"content":{"rendered":"<p>Pour r\u00e9pondre \u00e0 vos questions, nos conseillers se mobilisent au quotidien. 3 Paul MacLean, de 1980-1981 \u00e0 1990-1991-719-324-1514 21,40 <img decoding=\"async\" src=\"http:\/\/www.futuropolis.fr\/wp-content\/uploads\/2012\/04\/Folies-dencre_-Matthieu-Blanchin.jpg\" alt=\"rencontre glorieuse\" align=\"right\">  Lindustrie automobile, tout dabord: ce secteur est important 210.000 personnes, mais il est quatre fois moins puissant que son homologue outre-Rhin, et il a manifest\u00e9 ces derni\u00e8res ann\u00e9es quelques signes de faiblesse. Sa production, en effet, d\u00e9cline: on est pass\u00e9 de 3,5 millions de v\u00e9hicules en 2000 \u00e0 2 millions en 2018. Second probl\u00e8me: la mutation vers le v\u00e9hicule \u00e9lectrique, ce qui va n\u00e9cessiter une profonde restructuration des chaines de production, et cela se traduira immanquablement par une forte r\u00e9duction des effectifs. Aujourdhui, on veut construire un christianisme sans la Croix. Satan ne supporte pas la croix, cest pourquoi il sing\u00e9nie \u00e0 la faire dispara\u00eetre de nos paysages, de nos instituions, m\u00eame catholiques. Il a m\u00eame r\u00e9ussi \u00e0 mettre en doute le fait de la f\u00e9condit\u00e9 de loffrande de nos croix. Et pourtant, nous dit St Paul au d\u00e9but de sa premi\u00e8re \u00e9p\u00eetre aux Corinthiens, le langage de la Croix est folie pour ceux qui vont \u00e0 leur perte, mais pour ceux qui vont vers leur salut, pour nous, il est puissance de Dieu Nous proclamons un Messie crucifi\u00e9, scandale pour les juifs, folie pour les pa\u00efens. Mais pour ceux que Dieu appelle, ce messie est puissance de Dieu et sagesse de Dieu cf. 1Co 1, 18 23. La Croix, notre Esp\u00e9rance <img decoding=\"async\" src=\"http:\/\/french.hanban.org\/confuciousinstitutes\/image\/attachement\/jpg\/site2\/20150121\/0023241e0623162994111f.jpg\" alt=\"rencontre glorieuse\" align=\"left\"> Tout \u00e0 coup Paul Verlaine disparut.. Que s\u00e9tait-il pass\u00e9 pendant ces quinze ann\u00e9es? Je ne sais. Et que sait-on? Lhistoire v\u00e9ritable de Fran\u00e7ois Villon est mal connue. Et Verlaine ressemble beaucoup \u00e0 Villon ; ce sont deux mauvais gar\u00e7ons \u00e0 qui il fut donn\u00e9 de dire les plus douces choses du monde. Raconter sa propre histoire est indispensable pour garder vivante lidentit\u00e9, comme aussi pour raffermir lunit\u00e9 de la famille et le sens dappartenance de ses membres. Il ne sagit pas de faire de larch\u00e9ologie ou de cultiver des nostalgies inutiles, mais bien plut\u00f4t de parcourir \u00e0 nouveau le chemin des g\u00e9n\u00e9rations pass\u00e9es pour y cueillir l\u00e9tincelle inspiratrice, les id\u00e9aux, les projets, les valeurs qui les ont mues, \u00e0 commencer par les Fondateurs, par les Fondatrices et par les premi\u00e8res communaut\u00e9s. Cest aussi une mani\u00e8re de prendre conscience de la mani\u00e8re dont le charisme a \u00e9t\u00e9 v\u00e9cu au long de lhistoire, quelle cr\u00e9ativit\u00e9 il a lib\u00e9r\u00e9e, quelles difficult\u00e9s il a d\u00fb affronter et comment elles ont \u00e9t\u00e9 surmont\u00e9es. On pourra d\u00e9couvrir des incoh\u00e9rences, fruit des faiblesses humaines, parfois peut-\u00eatre aussi loubli de certains aspects essentiels du charisme. Tout est instructif et devient en m\u00eame temps appel \u00e0 la conversion. Raconter son histoire, cest rendre louange \u00e0 Dieu et le remercier pour tous ses dons. <img decoding=\"async\" src=\"http:\/\/www.lamouetterieuse.fr\/wp-content\/uploads\/2018\/03\/BANNglorieuses3-1170x663.jpg\" alt=\"rencontre glorieuse\" align=\"right\"> La pr\u00e9sence de M. Michel Rocard, ancien 1er Ministre et pr\u00e9sident O\u00f9 trouver le journal Le Point et ses hors-s\u00e9ries pr\u00e8s de chez vous? Dans le rappel de la m\u00e9moire des origines une composante suppl\u00e9mentaire du projet de vie consacr\u00e9e est mise en lumi\u00e8re. Les Fondateurs et les Fondatrices \u00e9taient fascin\u00e9s par lunit\u00e9 des Douze autour de J\u00e9sus, par la communion qui caract\u00e9risait la premi\u00e8re communaut\u00e9 de J\u00e9rusalem. En donnant vie \u00e0 leur propre communaut\u00e9, chacun deux a voulu reproduire ces mod\u00e8les \u00e9vang\u00e9liques, \u00eatre un seul c\u0153ur et une seule \u00e2me, jouir de la pr\u00e9sence du Seigneur cf, n 15. Lisez lhistoire \u00e9tonnante de Sir Alex qui a emp\u00each\u00e9 Patrice de d\u00e9m\u00e9nager au Bernabeu durant le dramatique \u00e9t\u00e9 2010. Pour son huiti\u00e8me \u00e9pisode, 2030 Glorieuses, podcast cr\u00e9\u00e9 par Julien Vidal, a discut\u00e9 avec Hubert Motte, fondateur de La vie est Belt En outre, brass\u00e9es par un tourbillon oc\u00e9anique affectant lensemble de larchipel des Comores, ces deux entit\u00e9s contribuent au r\u00e9ensemencement larvaire coraux, poissons, \u00e9chinodermes, etc. Des \u00eeles voisines Madagascar, Mayotte, Comores, Seychelles, etc. Elles jouent ainsi un r\u00f4le essentiel pour la pr\u00e9servation des esp\u00e8ces menac\u00e9es dans un contexte r\u00e9gional soumis \u00e0 de fortes pressions anthropiques.   Toutes les actions du Gouvernement autour des th\u00e9matiques qui vous concernent : Car depuis, la rel\u00e8ve tarde \u00e0 \u00e9clore au plus haut niveau. Lattaquant phare des Pays-Bas sappelle Vincent Janssen 22 ans et il nest pas encore titulaire dans le club anglais de Tottenham. En labsence dArjen Robben lailier du Bayern Munich et de Wesley Sneijder, la s\u00e9lection n\u00e9erlandaise sappuie sur des joueurs qui ne font pas partie du gotha mondial. Mis \u00e0 part larri\u00e8re gauche de Manchester United Daley Blind et de Kevin Strootman, milieu de lAS Roma, les N\u00e9erlandais \u00e9voluent dans des clubs de second rang. La revue le Festin propose une rencontre autour des Trente Glorieuses le mardi 2 octobre, \u00e0 18h30, \u00e0 la m\u00e9diath\u00e8que Jacques Ellul de Pessac. Bertrand Charneau et L\u00e6titia Maison, chercheurs au service de lInventaire et du Patrimoine participeront \u00e0 ce moment d\u00e9changes. Stanley Kubrick, Federico Fellini, Elia Kazan, Sergue\u00ef Eisenstein Autant de noms qui ont marqu\u00e9 lhistoire du 7\u00e8me art et que la saison 2 in\u00e9dite de R\u00e9alisateurs de l\u00e9gende vous propose de mieux connaitre. Cette s\u00e9rie se concentre sur les cin\u00e9astes embl\u00e9matiques du XXe si\u00e8cle, innovateurs aux r\u00e9alisations r\u00e9volutionnaires. Nous d\u00e9couvrirons les premi\u00e8res \u00e9tapes de leur vie, souvent difficiles. Certains ont v\u00e9cu la guerre, dautres sont n\u00e9s pauvres avant de pouvoir exprimer leur talent dans le th\u00e9\u00e2tre, puis le cin\u00e9ma. De nombreux extraits de films enrichissent les images darchives.<\/p>\n","protected":false},"excerpt":{"rendered":"<p>rencontre glorieuse<\/p>\n","protected":false},"author":1,"featured_media":0,"comment_status":"closed","ping_status":"closed","sticky":false,"template":"","format":"standard","meta":{"footnotes":""},"categories":[1],"tags":[],"_links":{"self":[{"href":"http:\/\/bauclassroom.com\/info\/wp-json\/wp\/v2\/posts\/3905"}],"collection":[{"href":"http:\/\/bauclassroom.com\/info\/wp-json\/wp\/v2\/posts"}],"about":[{"href":"http:\/\/bauclassroom.com\/info\/wp-json\/wp\/v2\/types\/post"}],"author":[{"embeddable":true,"href":"http:\/\/bauclassroom.com\/info\/wp-json\/wp\/v2\/users\/1"}],"replies":[{"embeddable":true,"href":"http:\/\/bauclassroom.com\/info\/wp-json\/wp\/v2\/comments?post=3905"}],"version-history":[{"count":1,"href":"http:\/\/bauclassroom.com\/info\/wp-json\/wp\/v2\/posts\/3905\/revisions"}],"predecessor-version":[{"id":3906,"href":"http:\/\/bauclassroom.com\/info\/wp-json\/wp\/v2\/posts\/3905\/revisions\/3906"}],"wp:attachment":[{"href":"http:\/\/bauclassroom.com\/info\/wp-json\/wp\/v2\/media?parent=3905"}],"wp:term":[{"taxonomy":"category","embeddable":true,"href":"http:\/\/bauclassroom.com\/info\/wp-json\/wp\/v2\/categories?post=3905"},{"taxonomy":"post_tag","embeddable":true,"href":"http:\/\/bauclassroom.com\/info\/wp-json\/wp\/v2\/tags?post=3905"}],"curies":[{"name":"wp","href":"https:\/\/api.w.org\/{rel}","templated":true}]}}