{"id":3923,"date":"2020-09-27T12:59:33","date_gmt":"2020-09-27T12:59:33","guid":{"rendered":"http:\/\/bauclassroom.com\/info\/?p=3923"},"modified":"2020-09-23T03:17:41","modified_gmt":"2020-09-23T03:17:41","slug":"rencontres-parcs-nationaux-france","status":"publish","type":"post","link":"http:\/\/bauclassroom.com\/info\/2020\/09\/27\/rencontres-parcs-nationaux-france\/","title":{"rendered":"Rencontres Parcs Nationaux France"},"content":{"rendered":"<p>A c\u00f4t\u00e9 de ces joyaux admirablement pr\u00e9serv\u00e9s, dautres espaces pourtant estampill\u00e9s parc national ne r\u00e9pondent pas aux crit\u00e8res de lUICN Union internationale pour la conservation de la nature : selon son classement des aires prot\u00e9g\u00e9es \u00e9tabli en fonction dobjectifs de gestion, un parc national correspond aux zones naturelles, terrestres etou marines, visant \u00e0 la fois \u00e0 prot\u00e9ger lint\u00e9grit\u00e9 \u00e9cologique des \u00e9cosyst\u00e8mes, exclure toute exploitation ou occupation incompatible avec leur vocation, offrir des possibilit\u00e9s de visite dans le respect du milieu naturel et de la culture des communaut\u00e9s locales. Or, aussi verts soient-ils sur les cartes, certains parcs ne remplissent pas ces crit\u00e8res. Sur plus de 100 000 aires prot\u00e9g\u00e9es recens\u00e9es par les Nations Unies en 2003, seules 3 881 11.5 de la surface terrestre \u00e9taient d\u00e9sign\u00e9es comme parc national, dapr\u00e8s lUICN. Cest surtout aux Cara\u00efbes et sur lensemble du continent am\u00e9ricain quon en trouve le plus, remarque Carole Martinez, charg\u00e9e de mission Espaces naturels au Comit\u00e9 fran\u00e7ais de lUICN. La g\u00e9ographie de ces \u00e9tats dot\u00e9s de vastes \u00e9tendues ont favoris\u00e9 cette situation. Lacs sentinelles-R\u00e9colte de carottes de s\u00e9diments par les scientifiques dEDYTEM, du centre Camille Jullian et de lIMBE, et mesures de temp\u00e9rature par le PNE au lac Faravel Parc national des Ecrins Dans un entretien avec le magazine suisse LIllustr\u00e9 paru mercredi, Michel Platini a appel\u00e9 M. Infantino \u00e0 d\u00e9missionner. Un centre de consultation exceptionnel est install\u00e9 dans la salle danimation de la commune de Contamines-Montjoie afin de d\u00e9pister les enfants de l\u00e9cole o\u00f9 \u00e9tait scolaris\u00e9 lenfant malade ; Cette commission a pr\u00e9cis\u00e9 dans un communiqu\u00e9 quelle entendrait Michael Lauber, procureur g\u00e9n\u00e9ral de la conf\u00e9d\u00e9ration, le 20 mai, avant l\u00e9ventuelle ouverture dune proc\u00e9dure de r\u00e9vocation \u00e0 son encontre. R\u00e9serves int\u00e9grales, alpages et lacs sentinelles, placettes foresti\u00e8res permanentes, stations m\u00e9t\u00e9orologiques et thermographes, sites arch\u00e9ologiques, points d\u00e9coute de lavifaune ou de prise de vue de paysages.. Autant de points dancrage pour la recherche dans les parcs nationaux de France! Veuillez remplir tous les champs obligatoires avant de soumettre votre commentaire <img decoding=\"async\" src=\"http:\/\/www.reunion-parcnational.fr\/sites\/reunion-parcnational.fr\/files\/logo_pnrun.png\" alt=\"rencontres parcs nationaux france\" align=\"center\"> De fait les territoires concern\u00e9s par les PNR sont g\u00e9n\u00e9ralement menac\u00e9s par la d\u00e9sertification, ou \u00e0 linverse, par la pression urbaine dune grande agglom\u00e9ration proche.  LAssembl\u00e9e nationale se penche sur le 5e risque et son financement Prolongez lexcursion avec un d\u00e9tour par la for\u00eat dArt Contemporain. Une quinzaine d\u0153uvres font corps avec lhistoire et les paysages des Landes de Gascogne. Le parc naturel r\u00e9gional de Camargue   Abonnement 1 an 8 n 2 HS le HS Echapp\u00e9es Belles Bretagne Cest une r\u00e9gion que son passe\u0301 lointain ou proche fait toujours vibrer, sous la houlette de passionne\u0301s, arche\u0301ologues, marins, architectes, cha\u0302telains ou artistes, curieux et e\u0301rudits. Le photographe Ian Teh a sillonn\u00e9.. 8 avril : conseil de d\u00e9fense consacr\u00e9 au suivi de la crise du COVID-19 ;-le programme d\u00e9taill\u00e9 des deux demi-journ\u00e9es 23 novembre apr\u00e8s-midi et 24 novembre matin, Poser une question \u00e0 Delphine L \u00e0 propos de Parc national de Port-Cros Il est constitu\u00e9 de sites et de lieux incontournables, comme le volcan du Piton de la Fournaise, le cirque de Mafate ou encore les Hauts de lOuest. Ensemble, ils lui conf\u00e8rent un relief aussi incroyable que vertigineux. Depuis sa cr\u00e9ation en 2007, le a investi dans de multiples projets de protection de sa faune end\u00e9mique, de lutte contre le braconnage et de plantation desp\u00e8ces florales locales 3. Parc national des Calanques Bouches-du-Rh\u00f4ne P\u00e9tition Les parcs nationaux fran\u00e7ais sont en danger <img decoding=\"async\" src=\"http:\/\/www.uoif-online.com\/wp-content\/uploads\/2015\/02\/RAMF-2015-essaie-2-224x180.jpg\" alt=\"rencontres parcs nationaux france\" align=\"right\"> Des mesures de quarantaine volontaires ont \u00e9galement \u00e9t\u00e9 mises en place, sauf exceptions, pour les voyageurs qui entrent sur le territoire et ne proviennent pas de lespace europ\u00e9en, ainsi que ceux provenant dun pays europ\u00e9en ayant mis en place une telle mesure sur leur territoire. Tous les quinze jours, retrouvez le Mag du Quotidien du tourisme.com qui offre une information exhaustive et condens\u00e9e aux professionnels du secteur. Le D\u00e9partement de lInt\u00e9rieur qui g\u00e8re la plupart des terres du domaine public f\u00e9d\u00e9ral de repr\u00e9sentants du secteur des loisirs en 2017. En octobre 2019, le comit\u00e9 a propos\u00e9 de privatiser les terrains de camping, de limiter les remises propos\u00e9es aux personnes \u00e2g\u00e9es,. Cependant, les groupes environnementaux et le grand public sy sont vivement oppos\u00e9s et le minist\u00e8re a d\u00e9cid\u00e9 de dissoudre le comit\u00e9 moins de deux mois plus tard. : Programme scientifique et p\u00e9dagogique qui invite le public \u00e0 mesurer limpact du changement climatique sur la faune et flore en montagne Alors que les populations doiseaux jusquici qualifi\u00e9s de communs ont baiss\u00e9 en moyenne de 6,6 en France m\u00e9tropolitaine entre 2004 et 2018, elles ont augment\u00e9 de 12,5 dans les r\u00e9serves naturelles sur la m\u00eame p\u00e9riode, selon une \u00e9tude publi\u00e9e par R\u00e9serves naturelles de France. Dans lattente, le minist\u00e8re de lEducation Nationale et de la Jeunesse dotera chaque coll\u00e8ge et lyc\u00e9e en masques afin quils puissent \u00eatre fournis aux \u00e9l\u00e8ves qui nen disposent pas ainsi quaux \u00e9l\u00e8ves d\u00e9clarant des sympt\u00f4mes au sein de l\u00e9tablissement. Les \u00e9l\u00e8ves et personnels de l\u00e9ducation nationale peuvent-ils porter des masques fait-maison? <img decoding=\"async\" src=\"http:\/\/www.journauxdevoyages.com\/wp-content\/uploads\/2012\/11\/cevennes-1.jpg\" alt=\"rencontres parcs nationaux france\" align=\"center\">.<\/p>\n","protected":false},"excerpt":{"rendered":"<p>rencontres parcs nationaux france<\/p>\n","protected":false},"author":1,"featured_media":0,"comment_status":"closed","ping_status":"closed","sticky":false,"template":"","format":"standard","meta":{"footnotes":""},"categories":[1],"tags":[],"_links":{"self":[{"href":"http:\/\/bauclassroom.com\/info\/wp-json\/wp\/v2\/posts\/3923"}],"collection":[{"href":"http:\/\/bauclassroom.com\/info\/wp-json\/wp\/v2\/posts"}],"about":[{"href":"http:\/\/bauclassroom.com\/info\/wp-json\/wp\/v2\/types\/post"}],"author":[{"embeddable":true,"href":"http:\/\/bauclassroom.com\/info\/wp-json\/wp\/v2\/users\/1"}],"replies":[{"embeddable":true,"href":"http:\/\/bauclassroom.com\/info\/wp-json\/wp\/v2\/comments?post=3923"}],"version-history":[{"count":1,"href":"http:\/\/bauclassroom.com\/info\/wp-json\/wp\/v2\/posts\/3923\/revisions"}],"predecessor-version":[{"id":3924,"href":"http:\/\/bauclassroom.com\/info\/wp-json\/wp\/v2\/posts\/3923\/revisions\/3924"}],"wp:attachment":[{"href":"http:\/\/bauclassroom.com\/info\/wp-json\/wp\/v2\/media?parent=3923"}],"wp:term":[{"taxonomy":"category","embeddable":true,"href":"http:\/\/bauclassroom.com\/info\/wp-json\/wp\/v2\/categories?post=3923"},{"taxonomy":"post_tag","embeddable":true,"href":"http:\/\/bauclassroom.com\/info\/wp-json\/wp\/v2\/tags?post=3923"}],"curies":[{"name":"wp","href":"https:\/\/api.w.org\/{rel}","templated":true}]}}