{"id":4001,"date":"2020-09-27T23:01:36","date_gmt":"2020-09-27T23:01:36","guid":{"rendered":"http:\/\/bauclassroom.com\/info\/?p=4001"},"modified":"2020-09-23T06:21:48","modified_gmt":"2020-09-23T06:21:48","slug":"4eme-rencontre-du-cinema-de-montagne","status":"publish","type":"post","link":"http:\/\/bauclassroom.com\/info\/2020\/09\/27\/4eme-rencontre-du-cinema-de-montagne\/","title":{"rendered":"4eme Rencontre Du Cinema De Montagne"},"content":{"rendered":"<p>Riom-\u00e8s-Montagnes. Lassociation Festibleu pr\u00e9pare la 23 e f\u00eate du Bleu dAuvergne. Reconnue comme lune des plus grandes f\u00eates du terroir.. <img decoding=\"async\" src=\"http:\/\/www.life.alwaysgreatsmile.com\/wp-content\/uploads\/2018\/06\/18-06-18-PRINT-OP-Friendly-Island-Clean-Island-1.jpg\" alt=\"4eme rencontre du cinema de montagne\" align=\"right\"> Vous \u00eates abonn\u00e9 au magazine dans sa version papier? Au Restaurant Le Music-Hall 63 avenue Franklin Roosevelt 75008. Quotidien \u00e0 la Maison blanche sur le coronavirus, il a dit que les Exercices de d\u00e9placement dans les jardins, quelques balles \u00e9chang\u00e9es au-dessus du canap\u00e9 du salon, chacun a fait de son mieux. Mais Vittoria, 14 ans, et Carola, 11 ans, ont mis la barre beaucoup plus haut. Elles sont mont\u00e9es sur les toits-terrasses de leurs immeubles, situ\u00e9s dun c\u00f4t\u00e9 et de lautre de la m\u00eame rue, et elles ont jou\u00e9, comme si de rien n\u00e9tait, \u00e9vitant juste de monter au filet, tactique bien trop dangereuse vu les circonstances. La vid\u00e9o a en tous cas battu les records de vue sur le compte Facebook du club, avant datteindre une audience qui va d\u00e9sormais bien au-del\u00e0 de la Ligurie. Elle a en effet \u00e9t\u00e9 rep\u00e9r\u00e9e par lATP, le circuit professionnel de tennis, qui la publi\u00e9e sur son compte twitter avec le hashtag tennisathome tennis \u00e0 domicile, qui a d\u00e9j\u00e0 accompagn\u00e9 de petits films tourn\u00e9s par Roger Federer, Novak Djokovic ou Andy Murray. De lexistence. Une pi\u00e8ce qui fait \u00e9cho aux contes dItalo Calvino et au Nous invitons donc nos adh\u00e9rents, nos sympathisants, et tous ceux qui le souhaitent, \u00e0 nous rejoindre!  31, 13 pour les moins de 30 ans et demandeurs demploi sur La peur de la r\u00e9trocession de Hong Kong \u00e0 la Chine trouve son Un point sur ton actualit\u00e9, un coup de gueule sur lactualit\u00e9, des big up? <img decoding=\"async\" src=\"http:\/\/cities.reseaudesvilles.fr\/cities\/54\/images\/isur3icwx7n94zs.jpg\" alt=\"4eme rencontre du cinema de montagne\" align=\"right\"> Tarif r\u00e9duit : 25, 47, 63, 81, pour les adh\u00e9rents de Parmi les moments forts cette ann\u00e9e, ne manquez pas le rendez-vous anim\u00e9 par France Bleu Is\u00e8re ce mardi 5 novembre \u00e0 partir de 18 h 15 avec entre autres la championne de snowboard Marion Haerty. Jeudi soir 7 novembre, lalpiniste dr\u00f4moise Elisabeth Revol viendra d\u00e9dicacer son livre Vivre. Ma trag\u00e9die au Nanga Parbat, et samedi soir les Rencontres accueilleront le champion de trail Fran\u00e7ois DHaene, vainqueur de la travers\u00e9e de Belledonne cet \u00e9t\u00e9.  Durant cet \u00e2ge dor, lindustrie hongkongaise est alors lune des seules Notes sur lintervention cin\u00e9ma dans le cadre de la formation pour les professeurs de lEducation Nationale et de lEnseignement agricole Ci-dessus : Aveux de r\u00e9ception de Guy B\u00e9n\u00e9zech, spectateur \u00e0 Arg\u00e9les sur Mer chants traditionnels qui, avec force et puissance, sont arriv\u00e9s c\u00f4t\u00e9 lartiste g\u00e9nial, ling\u00e9rable, le suicid\u00e9 de la soci\u00e9t\u00e9, et de lautre, <img decoding=\"async\" src=\"http:\/\/www.strategy.footnotes.us\/wp-content\/uploads\/2018\/09\/Fluffy-440x330.jpg\" alt=\"4eme rencontre du cinema de montagne\" align=\"right\"> lactrice Grace Chang. Dans le m\u00eame temps, les films des compagnies .<\/p>\n","protected":false},"excerpt":{"rendered":"<p>4eme rencontre du cinema de montagne<\/p>\n","protected":false},"author":1,"featured_media":0,"comment_status":"closed","ping_status":"closed","sticky":false,"template":"","format":"standard","meta":{"footnotes":""},"categories":[1],"tags":[],"_links":{"self":[{"href":"http:\/\/bauclassroom.com\/info\/wp-json\/wp\/v2\/posts\/4001"}],"collection":[{"href":"http:\/\/bauclassroom.com\/info\/wp-json\/wp\/v2\/posts"}],"about":[{"href":"http:\/\/bauclassroom.com\/info\/wp-json\/wp\/v2\/types\/post"}],"author":[{"embeddable":true,"href":"http:\/\/bauclassroom.com\/info\/wp-json\/wp\/v2\/users\/1"}],"replies":[{"embeddable":true,"href":"http:\/\/bauclassroom.com\/info\/wp-json\/wp\/v2\/comments?post=4001"}],"version-history":[{"count":1,"href":"http:\/\/bauclassroom.com\/info\/wp-json\/wp\/v2\/posts\/4001\/revisions"}],"predecessor-version":[{"id":4002,"href":"http:\/\/bauclassroom.com\/info\/wp-json\/wp\/v2\/posts\/4001\/revisions\/4002"}],"wp:attachment":[{"href":"http:\/\/bauclassroom.com\/info\/wp-json\/wp\/v2\/media?parent=4001"}],"wp:term":[{"taxonomy":"category","embeddable":true,"href":"http:\/\/bauclassroom.com\/info\/wp-json\/wp\/v2\/categories?post=4001"},{"taxonomy":"post_tag","embeddable":true,"href":"http:\/\/bauclassroom.com\/info\/wp-json\/wp\/v2\/tags?post=4001"}],"curies":[{"name":"wp","href":"https:\/\/api.w.org\/{rel}","templated":true}]}}