{"id":4071,"date":"2020-09-28T03:30:48","date_gmt":"2020-09-28T03:30:48","guid":{"rendered":"http:\/\/bauclassroom.com\/info\/?p=4071"},"modified":"2020-09-23T09:58:54","modified_gmt":"2020-09-23T09:58:54","slug":"festival-rencontres-entre-les-mondes-2011","status":"publish","type":"post","link":"http:\/\/bauclassroom.com\/info\/2020\/09\/28\/festival-rencontres-entre-les-mondes-2011\/","title":{"rendered":"Festival Rencontres Entre Les Mondes 2011"},"content":{"rendered":"<p>Dans le cadre du festival dhistoire de lart de Fontainebleau de 2011, lAPAHAU, organise une table ronde sur le th\u00e8me de Lart et lartiste hors-normes. L\u00e9cart et la norme, le fou et le pouvoir dans les arts visuels de lAntiquit\u00e9 \u00e0 la p\u00e9riode moderne. Cette table ronde comprendra trois interventions : Camel Zekri Oui, je me suis engag\u00e9 dans une aventure qui dure depuis plus de vingt ans : dune part jai suivi lenseignement du ma\u00e2lem Hamma Moussa et jai repris la direction du diw\u00e2n, \u00e0 la suite de mon grand-p\u00e8re maternel, et jai notamment fait enregistrer un album au Diw\u00e2n de Biskra pour OcoraRadio France, en 1993 afin de conserver dans leur int\u00e9gralit\u00e9 les deux c\u00e9r\u00e9monies traditionnelles, lune diurne, lautre nocturne.  \u03b5\u03bc\u03b2\u03bf\u03bb\u03b9\u03bf \u03c0\u03bf\u03bb\u03b9\u03bf\u03bc\u03c5\u03b5\u03bb\u03af\u03c4\u03b9\u03b4\u03b1\u03c2 \u03ba\u03b1\u03c1\u03ba\u03b9\u03bd\u03bf\u03c2 \u03b3\u03b7\u03c0\u03b5\u03b4\u03bf \u03b9\u03c6\u03b9\u03b3\u03b5\u03bd\u03b5\u03b9\u03b1\u03c2 \u03ba\u03b1\u03bb\u03bb\u03b9\u03b8\u03b5\u03b1 \u00c0 linitiative de Samuel Bianchini, enseignant-chercheur au sein dEnsadLab, deux soir\u00e9es festives et musicales auront lieu \u00e0 la Ga\u00eet\u00e9 lyrique, les 24 et 25 juin. Elles permettront dexp\u00e9rimenter de nouveaux dispositifs pour linteraction collective mettant en \u0153uvre des technologies innovantes pour la captation des personnes en situation de foule : cam\u00e9ras infra-rouges, d\u00e9tection faciale, identification, tra\u00e7abilit\u00e9, g\u00e9olocalisation indoor etc. Une exp\u00e9rience artistique et technologique \u00e0 vivre en live et sur Second life avec la performance : aurelien ducoudray sur oui, les mots sont durs et sans appels avec une.. Dans le cas du festival, le rapport de proximit\u00e9 entretenu avec cette culture l\u00e9gitime agirait comme un facteur d\u00e9finissant le public, lint\u00e9r\u00eat pour l\u00e9v\u00e9nement ne suffisant pas \u00e0 constituer en public. L\u00e9preuve du remplissage du questionnaire, notamment par son c\u00f4t\u00e9 \u00e9crit et scolaire, peut \u00e9galement repr\u00e9senter une barri\u00e8re conduisant ces individus \u00e0 sexclure des festivaliers, quoiquil semble que cela ne suffise pas \u00e0 rendre compte de tous les refus que nous avons rencontr\u00e9s. Cette circonscription des publics peut \u00eatre rapproch\u00e9e de la d\u00e9finition relationnelle cit\u00e9e pr\u00e9c\u00e9demment, o\u00f9 sont publics les interpr\u00e8tes, majoritaires ou minoritaires, qui savent jouer le jeu l\u00e9gitime et non-publics ceux dont les points de vue ne peuvent recevoir de formulation acceptable du moins pour les publics dans le champ Esqu\u00e9nazi, 2002 : 319. Cependant, ici ce sont les individus eux-m\u00eames qui se classifient comme non-publics, lauto-d\u00e9finition par les publics l\u00e9gitimes ne semble pas directement les exclure. De plus, lid\u00e9e des organisateurs selon laquelle le festival est accessible \u00e0 tous, dans lespace public, indique justement quils les consid\u00e8rent comme prenant part au public, dans une optique de d\u00e9mocratisation de lacc\u00e8s \u00e0 cette manifestation culturelle. L\u00e9largissement et la diversification des publics \u03b5\u03be\u03bf\u03c6\u03bb\u03b7\u03c3\u03b7 \u03bb\u03b7\u03b3\u03bc\u03b5\u03bd\u03c9\u03bd \u03bb\u03bf\u03b3\u03b1\u03c1\u03b9\u03b1\u03c3\u03bc\u03c9\u03bd \u03bf\u03c4\u03b5 \u03b1\u03bc\u03bf\u03c1\u03b5 \u03bc\u03b9\u03bf \u03c4\u03c1\u03b1\u03b3\u03bf\u03c5\u03b4\u03b9 \u03bc\u03b1\u03c1\u03b1\u03b2\u03b5\u03b3\u03b9\u03b1\u03c2 \u03b1\u03bb\u03ba\u03bf\u03bf\u03bb \u03ba\u03b1\u03b9 \u03bf\u03b4\u03b7\u03b3\u03b7\u03c3\u03b7 \u03bf\u03c1\u03b9\u03b1 \u03c6\u03c5\u03c4\u03b5\u03bc\u03b5\u03bd\u03bf \u03b4\u03c9\u03bc\u03b1 \u03c0\u03b1\u03c7\u03bf\u03c2 \u03c7\u03c9\u03bc\u03b1\u03c4\u03bf\u03c2 \u03c4\u03b6\u03ad\u03bd\u03b7 \u03b8\u03b5\u03c9\u03bd\u03ac \u03c3\u03c7\u03ad\u03c3\u03b7 \u03c4\u03c1\u03b5\u03bb\u03b7 \u03bf\u03b9\u03ba\u03bf\u03b3\u03b5\u03bd\u03b5\u03b9\u03b1 \u03b5\u03c0\u03b5\u03b9\u03c3\u03bf\u03b4\u03b9\u03bf 16 \u0394\u03b9\u03b1\u03b8\u03ad\u03c3\u03b9\u03bc\u03bf!  Le s\u00e9minaire international Migrations et agriculture en m\u00e9diterran\u00e9e et au-del\u00e0 : travailler, produire et vivre dans le syst\u00e8me agroalimentaire globalis\u00e9 se tiendra les 15 et 16 mars 2018 au Mucem et se prolongera par une journ\u00e9e de rencontre entre chercheurs et activistes le samedi 17.. Paris-Louxor : vivre ensemble le cin\u00e9ma \u00e0 Barb\u00e8s et ailleurs en une 25Deuxi\u00e8me observation : bien que le dossier de presse \u00e9voque une r\u00e9trospective, la distribution dans les diff\u00e9rentes salles nest pas chronologique. Elle est plut\u00f4t affaire de technique avec d\u00e8s la salle de lentr\u00e9e une place accord\u00e9e au virtuel et aux manipulations num\u00e9riques ; mais, aucun texte ne lexplicite sur place. Comme dans les expositions dart dautrefois, le visiteur d\u00e9ambule \u00e0 laventure, des manipulations num\u00e9riques au photographique num\u00e9rique puis argentique, puis au cin\u00e9matographique ; ce qui peut indiquer au visiteur attentif et d\u00e9j\u00e0 comp\u00e9tent que la photographie est affaire de technique plut\u00f4t que dhistoire des arts. Plut\u00f4t, car dun point de vue plus global et moins pr\u00e9cis sur la datation des \u0153uvres, cest aussi une remont\u00e9e dans le temps de la cr\u00e9ation mark\u00e9rienne et de la photographie qui se d\u00e9roule entre lentr\u00e9e en virtuel et, \u00e0 lune des deux extr\u00e9mit\u00e9s, La jet\u00e9e 1962. Si nous adh\u00e9rons \u00e0 lhypoth\u00e8se que la distribution et la succession sont signifiantes, la th\u00e9matique assurant la coh\u00e9rence identitaire de lunivers mark\u00e9rien expos\u00e9 de ce que Davallon appelle le monde utopique des objets aurait donc davantage trait \u00e0 la virtuosit\u00e9 technique dun Chris Marker polyvalent qu\u00e0 une \u00e9volution de sa pratique-800 2010-Animation Dans un monde lugubre, un petit Saint prend soin de plusieurs \u00eatres qui ont des  BULLETIN DINFORMATION MUNICIPAL TRIMESTRIEL-N6 2 JUILLET 2011 Soir\u00e9e de cl\u00f4ture au cin\u00e9ma la Lucarne de la manifestation G\u00e9n\u00e9rations Maghreb en pr\u00e9sence de Thierry BENISTI qui pr\u00e9sente son dernier film : Une bouteille \u00e0 la mer <img decoding=\"async\" src=\"http:\/\/www.lunxdsbrunn.tk\/wp-content\/uploads\/2018\/07\/IMG_1350.jpg\" alt=\"festival rencontres entre les mondes 2011\" align=\"left\"> En 1957, jai eu la chance daccompagner un groupe de journalistes fran\u00e7ais invit\u00e9s \u00e0 visiter la Cor\u00e9e du Nord. Cest seulement apr\u00e8s coup que je me suis rendu compte \u00e0 quel point la situation \u00e9tait exceptionnelle. Les quatre ann\u00e9es qui suivirent la guerre un conflit sobrement d\u00e9crit par le g\u00e9n\u00e9ral Bradley comme la mauvaise guerre, au mauvais endroit, au mauvais moment et contre le mauvais ennemi avaient \u00e9t\u00e9 consacr\u00e9es avant tout \u00e0 la reconstitution dun pays d\u00e9truit par les bombardements, et la formidable machine de propagande qui allait bient\u00f4t caract\u00e9riser la Cor\u00e9e du Nord ne fonctionnait pas encore \u00e0 plein r\u00e9gime. Nous \u00e9tions sujets \u00e0 une dose respectable de propagande mais, entre deux s\u00e9ances obligatoires de courbettes socialistes, nos h\u00f4tes nous ont accord\u00e9 un temps dexploration libre jamais \u00e9gal\u00e9 depuis. Bien des ann\u00e9es plus tard, jai pu observer \u00e0 la t\u00e9l\u00e9vision le dilemme dune d\u00e9l\u00e9gation belge, dont les membres suppliaient de leur montrer, ne serait-ce quune fois, un march\u00e9. Apr\u00e8s avoir visit\u00e9 le mus\u00e9e consacr\u00e9 au camarade Kim Jong-il, la biblioth\u00e8que consacr\u00e9e aux \u0153uvres compl\u00e8tes du camarade Kim Jong-il, lusine qui ob\u00e9issait aux directives du camarade Kim Jong-il, ils furent enfin conduits dans un espace vide en dehors de la ville o\u00f9 un march\u00e9 allait \u00eatre install\u00e9, selon les plans du camarade Kim Jong-il. Voir lexpression d\u00e9sabus\u00e9e sur les visages de ces pauvres gens me fit dautant plus appr\u00e9cier la libert\u00e9 dont javais b\u00e9n\u00e9fici\u00e9 et qui mavait permis de tra\u00eener dans Pyongyang avec mon appareil photo et de tout observer, notamment les march\u00e9s. Fait amusant, le r\u00e9sultat de ces promenades a \u00e9t\u00e9 rejet\u00e9 aussi bien dun c\u00f4t\u00e9 du 38 e parall\u00e8le que de lautre. Au nord, un livre qui ne faisait pas mention du nom de Kim Li-sunf nexistait tout simplement pas. Au sud, le simple fait que la publication dun ouvrage ait \u00e9t\u00e9 autoris\u00e9e par la Cor\u00e9e du Nord en faisait un outil de propagande communiste. Voil\u00e0 comment, ma-t-on dit, il sest retrouv\u00e9 expos\u00e9 dans le mus\u00e9e contre-r\u00e9volutionnaire de S\u00e9oul, o\u00f9 son auteur fut qualifi\u00e9 de chien marxiste. Cela ne me d\u00e9rangeait pas : depuis Snoopy, le mot chien avait cess\u00e9 d\u00eatre une insulte, surtout dans mon univers, o\u00f9 ce sont plut\u00f4t les chats qui r\u00e8gnent. Par la suite, le temps sest fig\u00e9 dans ce pays dont la culture mavait fascin\u00e9, tout comme la beaut\u00e9 hypnotique de ses femmes, lorsque la direction m\u00e9galomane des deux Kim sest r\u00e9v\u00e9l\u00e9e d\u00e9sastreuse. On a vu aux informations de nombreux exemples de ce gel du temps, dont le plus r\u00e9cent est si incroyable quil a \u00e9chapp\u00e9 aux commentateurs. Lorsque le DPKR le nom officiel du pays a lanc\u00e9 le fameux missile qui a inqui\u00e9t\u00e9 le monde entier, lagence de presse cor\u00e9enne KCNA a publi\u00e9 le communiqu\u00e9 suivant : Le secr\u00e9tariat du C.C, le parti communiste de lUnion sovi\u00e9tique soutient la position ferme du Parti du travail de Cor\u00e9e dirig\u00e9 par le secr\u00e9taire g\u00e9n\u00e9ral Kim Jong-il. Oui, vous avez bien lu Union sovi\u00e9tique. En 2009. Peut-\u00eatre que personne na os\u00e9 mettre le camarade Kim Jong-il au courant. <img decoding=\"async\" src=\"http:\/\/fr.1001mags.com\/images\/Couv\/J\/JournalDesSpectacles\/235\/25680-Spectacles-235-Page-039.jpg\" alt=\"festival rencontres entre les mondes 2011\" align=\"center\"> naitra une nouvelle g\u00e9n\u00e9ration de compositeurs, tourn\u00e9s vers Stage de th\u00e9\u00e2tre de rue anim\u00e9 par Didier IGLESIAS de la Cie Les Mistons \u00e0 la MJC Village <img decoding=\"async\" src=\"http:\/\/www.associationdeviation.fr\/wp-content\/uploads\/2015\/02\/archive-festival-test.jpg\" alt=\"festival rencontres entre les mondes 2011\" align=\"right\">.<\/p>\n","protected":false},"excerpt":{"rendered":"<p>festival rencontres entre les mondes 2011<\/p>\n","protected":false},"author":1,"featured_media":0,"comment_status":"closed","ping_status":"closed","sticky":false,"template":"","format":"standard","meta":{"footnotes":""},"categories":[1],"tags":[],"_links":{"self":[{"href":"http:\/\/bauclassroom.com\/info\/wp-json\/wp\/v2\/posts\/4071"}],"collection":[{"href":"http:\/\/bauclassroom.com\/info\/wp-json\/wp\/v2\/posts"}],"about":[{"href":"http:\/\/bauclassroom.com\/info\/wp-json\/wp\/v2\/types\/post"}],"author":[{"embeddable":true,"href":"http:\/\/bauclassroom.com\/info\/wp-json\/wp\/v2\/users\/1"}],"replies":[{"embeddable":true,"href":"http:\/\/bauclassroom.com\/info\/wp-json\/wp\/v2\/comments?post=4071"}],"version-history":[{"count":1,"href":"http:\/\/bauclassroom.com\/info\/wp-json\/wp\/v2\/posts\/4071\/revisions"}],"predecessor-version":[{"id":4072,"href":"http:\/\/bauclassroom.com\/info\/wp-json\/wp\/v2\/posts\/4071\/revisions\/4072"}],"wp:attachment":[{"href":"http:\/\/bauclassroom.com\/info\/wp-json\/wp\/v2\/media?parent=4071"}],"wp:term":[{"taxonomy":"category","embeddable":true,"href":"http:\/\/bauclassroom.com\/info\/wp-json\/wp\/v2\/categories?post=4071"},{"taxonomy":"post_tag","embeddable":true,"href":"http:\/\/bauclassroom.com\/info\/wp-json\/wp\/v2\/tags?post=4071"}],"curies":[{"name":"wp","href":"https:\/\/api.w.org\/{rel}","templated":true}]}}