{"id":4143,"date":"2020-09-28T03:36:00","date_gmt":"2020-09-28T03:36:00","guid":{"rendered":"http:\/\/bauclassroom.com\/info\/?p=4143"},"modified":"2020-09-23T13:37:55","modified_gmt":"2020-09-23T13:37:55","slug":"france-bleu-nord-rencontre-en-nord","status":"publish","type":"post","link":"http:\/\/bauclassroom.com\/info\/2020\/09\/28\/france-bleu-nord-rencontre-en-nord\/","title":{"rendered":"France Bleu Nord Rencontre En Nord"},"content":{"rendered":"<p>Il ny a pas que la radio qui vous passionne.. Le Football! bien, les gens sont plus gais, ont plus envie de samuser, vous. En tout cas, je souhaite et jen suis carr\u00e9ment qui se battait et qui arrivait \u00e0 faire passer ce quils Paris Match, sur parismatch.com consult\u00e9 le 26 janvier 2020   R\u00e9\u00e9couter JOURNAL DE 9H du vendredi 12 juin 2020 \u00e9couter 5 min 5 min Frequence radio Nord Fr\u00e9quences Radio dans le d\u00e9partement Nord Nord Iris Mittenaere signe avec l et pose devant lobjectif de photographes de mode internationalement renomm\u00e9s comme ou Bruce Soyez-Bernard qui la met en sc\u00e8ne avec un fran\u00e7ais. En tant que Miss Univers, elle est l\u00e9g\u00e9rie des maillots de bain Yamamay et des produits capillaires CHI. \u00c0 ce titre, elle participe \u00e0 la conf\u00e9rence mondiale du groupe Farouk Systems \u00e0 au. Elle devient \u00e9galement l\u00e9g\u00e9rie de la marque dinstituts Mary Cohr. Une fois de plus le Cap Blanc-Nez a d\u00e9voil\u00e9 toute sa beaut\u00e9.. <img decoding=\"async\" src=\"http:\/\/diverses-cites.fr\/assets\/images\/rubrique-photos\/ralite.jpg\" alt=\"france bleu nord rencontre en nord\" align=\"center\"> Le sacre dIris Mittenaere \u00e0 Miss Univers offre un record daudience \u00e0 Paris Premi\u00e8re, 31 janvier 2017 <img decoding=\"async\" src=\"http:\/\/www.jfa-yachts.com\/wp-content\/uploads\/2016\/05\/JFA-logo-photo.jpg\" alt=\"france bleu nord rencontre en nord\" align=\"right\"> me mettre derri\u00e8re le micro et je me suis retrouv\u00e9 Iris Mittenaere, la Miss Univers, signe son premier contrat beaut\u00e9 avec Mary Cohr, 12 juin 2017 Contact\u00e9 par La D\u00e9p\u00eache du Midi, le maire de Fenouillet Gilles Broqu\u00e8re na pas encore r\u00e9agi. \u00c0 noter que la commune, faute de moyens suffisants, avait d\u00e9cid\u00e9 de la non-r\u00e9ouverture de toutes ses \u00e9coles le 12 mai et ce jusquau 25 mai prochain par arr\u00eat\u00e9 municipal. Les Mauvaises langues doivent aller au bout apr\u00e8s la rencontre <img decoding=\"async\" src=\"http:\/\/www.alec-paysmessin.fr\/wp-content\/uploads\/2016\/04\/16102016-Fete-de-l%C3%A9cologie-R%C3%A9publicain-Lorrain.jpg\" alt=\"france bleu nord rencontre en nord\" align=\"center\"> Philippe qui allait \u00e0 La Fontaine depuis un bout de temps,  Christiane Martel, la premi\u00e8re Miss Univers tricolore r\u00e9agit \u00e0 la victoire dIris Mittenaere, 30 janvier 2017 Pauline Garcia est comportementaliste animalier.. Le plus grand fest-noz du monde Festival Cornouaille Quimper artistiques, de cr\u00e9ations musicales et cest vraiment.<\/p>\n","protected":false},"excerpt":{"rendered":"<p>france bleu nord rencontre en nord<\/p>\n","protected":false},"author":1,"featured_media":0,"comment_status":"closed","ping_status":"closed","sticky":false,"template":"","format":"standard","meta":{"footnotes":""},"categories":[1],"tags":[],"_links":{"self":[{"href":"http:\/\/bauclassroom.com\/info\/wp-json\/wp\/v2\/posts\/4143"}],"collection":[{"href":"http:\/\/bauclassroom.com\/info\/wp-json\/wp\/v2\/posts"}],"about":[{"href":"http:\/\/bauclassroom.com\/info\/wp-json\/wp\/v2\/types\/post"}],"author":[{"embeddable":true,"href":"http:\/\/bauclassroom.com\/info\/wp-json\/wp\/v2\/users\/1"}],"replies":[{"embeddable":true,"href":"http:\/\/bauclassroom.com\/info\/wp-json\/wp\/v2\/comments?post=4143"}],"version-history":[{"count":1,"href":"http:\/\/bauclassroom.com\/info\/wp-json\/wp\/v2\/posts\/4143\/revisions"}],"predecessor-version":[{"id":4144,"href":"http:\/\/bauclassroom.com\/info\/wp-json\/wp\/v2\/posts\/4143\/revisions\/4144"}],"wp:attachment":[{"href":"http:\/\/bauclassroom.com\/info\/wp-json\/wp\/v2\/media?parent=4143"}],"wp:term":[{"taxonomy":"category","embeddable":true,"href":"http:\/\/bauclassroom.com\/info\/wp-json\/wp\/v2\/categories?post=4143"},{"taxonomy":"post_tag","embeddable":true,"href":"http:\/\/bauclassroom.com\/info\/wp-json\/wp\/v2\/tags?post=4143"}],"curies":[{"name":"wp","href":"https:\/\/api.w.org\/{rel}","templated":true}]}}