{"id":4165,"date":"2020-09-28T21:29:00","date_gmt":"2020-09-28T21:29:00","guid":{"rendered":"http:\/\/bauclassroom.com\/info\/?p=4165"},"modified":"2020-09-23T14:16:37","modified_gmt":"2020-09-23T14:16:37","slug":"rencontre-d-arles-photographie","status":"publish","type":"post","link":"http:\/\/bauclassroom.com\/info\/2020\/09\/28\/rencontre-d-arles-photographie\/","title":{"rendered":"Rencontre D Arles Photographie"},"content":{"rendered":"<p>Source : Temps de lecture estim\u00e9 : 2 min. Scoop\u00e9 le 19 juin 2019 Mots cl\u00e9s :-Du d\u00e9veloppement du p\u00f4le \u00e9ditorial des Rencontres dArles ; LES RENCONTRES DARLES 50 ANSEXPOS Palais des Congr\u00e8s dArles <img decoding=\"async\" src=\"http:\/\/www.lemondedelaphoto.com\/local\/cache-vignettes\/L700xH577\/arton13692-1ea73.jpg\" alt=\"rencontre d arles photographie\" align=\"left\"> Consultez lencyclope\u0301die a\u0300 partir de la signature de ses contributeurs. Pour la communaut\u00e9 architecturale, Chandigarh est un mythe, la capitale indienne des Etats du Pendjab et de lHaryana, situ\u00e9e au pied de lHimalaya, \u00e9tant lunique concr\u00e9tisation des th\u00e9ories de Le Corbusier \u00e0 l\u00e9chelle dune ville. Construite sur d\u00e9cision de Nehru \u00e0 la suite de la partition de  Depuis six ans la Nuit de lann\u00e9e permet de voir des photos de diff\u00e9rents acteurs de la presse, de magazines, dagences,.. Sur des \u00e9crans g\u00e9ants au cours dune grande promenade photographique nocturne dans le centre-ville. Les expositions  A loccasion de son cinquanti\u00e8me anniversaire, les Rencontres de la photographie dArles proposent une cinquantaine dexpositions. Une programmation foisonnante, dont lune des neuf s\u00e9quences est consacr\u00e9e \u00e0 lHabiter. Parcours dans la cit\u00e9 antique au fil daccrochages \u00e0 d\u00e9couvrir, pour la plupart, jusquau 22 septembre. On conna\u00eet aujourdhui la photographie comme un m\u00e9dium artistique ou une activit\u00e9 sociale, mais ce ne fut pas toujours le cas. Apr\u00e8s la d\u00e9couverte de ce proc\u00e9d\u00e9 au milieu du XIXe si\u00e8cle, les forces de police se sont elles-aussi accapar\u00e9es ce m\u00e9dium pour tenter de faire baisser le taux de r\u00e9cidive une fois le criminel photographi\u00e9, et donc authentifi\u00e9. Au Mus\u00e9e du Vieux N\u00eemes est pr\u00e9sent\u00e9e lexposition Tatouages. Le Fonds Charles Perrier : jadis m\u00e9decin \u00e0 la prison de la Maison Centrale de N\u00eemes, Charles Perrier signe des centaines de photographies de ses d\u00e9tenus. Se focalisant sur un trait physique caract\u00e9ristique le tatouage, lexposition nous replonge dans lunivers carc\u00e9ral de lavant XX\u00e8me si\u00e8cle par le prisme de lobjet photographique. Dun angle \u00e9thique toutefois, il sagit d\u00e9tudes sur les donn\u00e9es physiques de lhomme pour d\u00e9crypter son mental \u00e0 bon entendeur, il sagit aussi et surtout du moment de cristallisation du clich\u00e9 racial dans lauthentification pr\u00e9sum\u00e9e des criminels. Limportante exposition consacr\u00e9e \u00e0 Wolfgang Tillmans, intitul\u00e9e Nouveau Monde, retrace les p\u00e9r\u00e9grinations men\u00e9es par le photographe \u00e0 travers diff\u00e9rents voyages, un appareil num\u00e9rique en bandouli\u00e8re, depuis une vingtaine dann\u00e9es. Loin d\u00eatre un recueil exotique, lensemble tr\u00e8s \u00e9clectique, associe dans une sorte d\u00e9chantillonnage monumental des portraits de personnes rencontr\u00e9es, mais aussi des d\u00e9tails tr\u00e8s prosa\u00efques, des fragments de phares et de carrosserie dautomobiles neuves, des animaux, des plantes, des complexes commerciaux, de limagerie scientifique ou technique, le tout dans une relative indiff\u00e9rence de point de vue, en \u00e9tant aussi attentif aux objets quaux \u00eatres, et plus sensible \u00e0 la banalit\u00e9 qu\u00e0 lexception. Cest une sorte d\u00e9puisement sans diff\u00e9renciation de lenvironnement que nous pr\u00e9sente le photographe, en ayant un regard parfois d\u00e9tach\u00e9 et abstrait, attentif aux textures, aux couleurs et \u00e0 la pr\u00e9cision des d\u00e9tails. Les photographies sont pr\u00e9sent\u00e9es en tirage jet dencre sur des tr\u00e8s grands formats \u00e9pingl\u00e9s aux murs sans fa\u00e7on absence de cadres. Entre catalogue sans hi\u00e9rarchie et tapisserie imagi\u00e8re faite de grands posters muraux, l\u0153uvre de Tillmans interroge et d\u00e9route. La photographie y est r\u00e9duite, d\u00e9pouill\u00e9e de ses effets, de sa narration, de ses sujets, mais paradoxalement monumentalis\u00e9e avec ces tr\u00e8s grands formats muraux sans que lon mesure tout \u00e0 fait lenjeu de ces grands gestes aux contenus si ordinaires ou frontaux. Volont\u00e9 dun spectacle contemporain sans sujets spectaculaires et sans formalisme photographique? R\u00e9flexion sur la surabondance actuelle des images, sur leur reproductibilit\u00e9 et leur d\u00e9finition accrues par le num\u00e9rique? Souhait de revenir aux ph\u00e9nom\u00e8nes et composants originels de limage, sans passer par la lecture dun discours ou dun contenu qui leur serait \u00e9tranger? Ce Nouveau Monde est-il celui dun optimiste, croyant dans le potentiel in\u00e9puis\u00e9 dune photographie pure ne demandant qu\u00e0 \u00eatre r\u00e9invent\u00e9e, ou bien le bon mot plein dironie quadresse un contempteur \u00e0 la banalit\u00e9 du monde environnant? Le Champs-\u00c9lys\u00e9es Film Festival est maintenu dans une \u00e9dition num\u00e9rique, du 9 au 16 juin 2020. Le jury des longs-m\u00e9trages sera pr\u00e9sid\u00e9 par Mounia Meddour Papicha, 2019 et des masterclass interactives seront organis\u00e9es avec Stephen Frears et Edgar Wright, les invit\u00e9s dhonneur du festival. Recherche sur le mot exact Retrouvez toute linformation sur le site Don McCullin est lauteur de certaines des photographies les plus embl\u00e9matiques et d\u00e9terminantes des conflits au Vietnam, \u00e0 Chypre, \u00e0 Beyrouth et au Biafra. Mais il a aussi consacr\u00e9 du temps \u00e0 son Angleterre natale, depuis les sans-abris de Londres jusquaux paysages du Somerset, avec le m\u00eame regard intransigeant. Une projection en grand format des plus belles photos de mode de lExpress Styles a illumin\u00e9 la Nuit de lann\u00e9e \u00e0 Arles le 11 juillet. Un concentr\u00e9 de beaut\u00e9. <img decoding=\"async\" src=\"http:\/\/www.ejo.fr\/wp-content\/uploads\/2015\/07\/Article-41-Arles.jpg\" alt=\"rencontre d arles photographie\" align=\"right\"> Nous cherchons dores et d\u00e9j\u00e0 des alternatives aux lourdes cons\u00e9quences de cette annulation, explique encore le communiquer. Par ailleurs, nous allons \u00e9pauler au mieux les artistes et commissaires dexpositions en leur versant leurs droits dexpositions. Nous explorons toutes les solutions pour accompagner nos \u00e9quipes qui se sont toujours engag\u00e9es avec enthousiasme et d\u00e9termination.. Lassociation : La Pile co La Ruche, 24 rue de lEst, 75020 Paris. -Simplifiez-vous la vie pour faire votre visa et passez par Le Festival Interceltique, du 7 au 16 ao\u00fbt \u00e0 Lorient. Le rendez-vous rassemble chaque ann\u00e9e pr\u00e8s de 750 000 visiteurs. Apr\u00e8s avoir tent\u00e9 de le maintenir, les organisateurs ont annonc\u00e9 lannulation du festival. <img decoding=\"async\" src=\"http:\/\/www.upp-auteurs.fr\/DATA\/documents\/Capture%20d%E2%80%99%C3%A9cran%202018-06-25%20%C3%A0%2014_20_34.png\" alt=\"rencontre d arles photographie\" align=\"center\">.<\/p>\n","protected":false},"excerpt":{"rendered":"<p>rencontre d arles photographie<\/p>\n","protected":false},"author":1,"featured_media":0,"comment_status":"closed","ping_status":"closed","sticky":false,"template":"","format":"standard","meta":{"footnotes":""},"categories":[1],"tags":[],"_links":{"self":[{"href":"http:\/\/bauclassroom.com\/info\/wp-json\/wp\/v2\/posts\/4165"}],"collection":[{"href":"http:\/\/bauclassroom.com\/info\/wp-json\/wp\/v2\/posts"}],"about":[{"href":"http:\/\/bauclassroom.com\/info\/wp-json\/wp\/v2\/types\/post"}],"author":[{"embeddable":true,"href":"http:\/\/bauclassroom.com\/info\/wp-json\/wp\/v2\/users\/1"}],"replies":[{"embeddable":true,"href":"http:\/\/bauclassroom.com\/info\/wp-json\/wp\/v2\/comments?post=4165"}],"version-history":[{"count":1,"href":"http:\/\/bauclassroom.com\/info\/wp-json\/wp\/v2\/posts\/4165\/revisions"}],"predecessor-version":[{"id":4166,"href":"http:\/\/bauclassroom.com\/info\/wp-json\/wp\/v2\/posts\/4165\/revisions\/4166"}],"wp:attachment":[{"href":"http:\/\/bauclassroom.com\/info\/wp-json\/wp\/v2\/media?parent=4165"}],"wp:term":[{"taxonomy":"category","embeddable":true,"href":"http:\/\/bauclassroom.com\/info\/wp-json\/wp\/v2\/categories?post=4165"},{"taxonomy":"post_tag","embeddable":true,"href":"http:\/\/bauclassroom.com\/info\/wp-json\/wp\/v2\/tags?post=4165"}],"curies":[{"name":"wp","href":"https:\/\/api.w.org\/{rel}","templated":true}]}}