{"id":43,"date":"2020-09-18T22:18:33","date_gmt":"2020-09-18T22:18:33","guid":{"rendered":"http:\/\/bauclassroom.com\/info\/?p=43"},"modified":"2020-09-18T08:04:53","modified_gmt":"2020-09-18T08:04:53","slug":"rencontres-a-fes","status":"publish","type":"post","link":"http:\/\/bauclassroom.com\/info\/2020\/09\/18\/rencontres-a-fes\/","title":{"rendered":"Rencontres A Fes"},"content":{"rendered":"<p>Zeina El Tibi docteur en droit, journaliste et essayiste Es-ce quon verra des dessins dAgathe sur le blog? :p Cest \u00e0 cette oeuvre exaltante que sest consacr\u00e9, avec tout son g\u00e9nie et son savoir-faire, le b\u00e2tisseur du Maroc moderne, Notre v\u00e9n\u00e9r\u00e9 p\u00e8re, que Dieu ait son \u00e2me, Sa Majest\u00e9 le Roi Hassan II qui a su concilier le sacr\u00e9 et le moderne, pour nen faire quun \u00e9l\u00e9ment, consacrant ainsi lidentit\u00e9 marocaine unifi\u00e9e, riche des nombreux affluents qui lirriguent et ouverte sur les nouveaut\u00e9s quapporte la modernit\u00e9. 2 Laccueil des migrants dans les dispositifs m\u00e9dicaux des pays de transit ou dinstallation. Plusieurs questions se posent \u00e0 ce niveau : la r\u00e9gulation de lacc\u00e8s aux soins pour les \u00e9trangers, lexistence et la perception dattitudes discriminantes de la part des personnels de sant\u00e9, la capacit\u00e9 des dispositifs \u00e0 prendre en charge les populations migrantes. En parall\u00e8le : rencontres B to B et espace dexposition transcender les vell\u00e9it\u00e9s de fanatisme et dostracisme, et les tentations dexclusion et de dissension. Technologies de linformation : Big Data-d\u00e9veloppement des solutions SI de gestion-S\u00e9curit\u00e9-SIG..etc. <img decoding=\"async\" src=\"http:\/\/www.tourismesolidaire.org\/medias\/travels\/departs-maroc-rencontre-habitants-oasis-entre-fes-et-mezourga-dans-oasis-tafilalet__20160609003934.jpg\" alt=\"rencontres a fes\" align=\"left\"> Depuis une dizaine dann\u00e9es, la pratique photographique est en pleine mutation \u00e0 limage du monde. Ces cinq derni\u00e8res ann\u00e9es, ces changements se remarquent particuli\u00e8rement en Afrique o\u00f9 la jeune g\u00e9n\u00e9ration utilise les potentialit\u00e9s du support num\u00e9rique pour faire \u00e9voluer les proc\u00e9d\u00e9s de la cha\u00eene photographique de la r\u00e9alisation \u00e0 la diffusion permettant \u00e0 limage d\u00eatre de plus en plus fluide.  <img decoding=\"async\" src=\"http:\/\/veteranmovtorn.cf\/img\/magiebox.jpg\" alt=\"rencontres a fes\" align=\"center\">  <img decoding=\"async\" src=\"http:\/\/mapecology.ma\/wp-content\/uploads\/2018\/06\/forum-economique-fes-meknes-ecology-582x386.jpg\" alt=\"rencontres a fes\" align=\"center\">  Windows: Internet Explorer, Mozilla Firefox, Google Chrome. Mac: Safari. 2018 Aros y LLantas Mundiales. Todos los Derechos Reservados Dise\u00f1ado por Cest dans un autre voyage par et dans les \u00e9critures que la deuxi\u00e8me journ\u00e9e des Rencontres de F\u00e8s a entra\u00een\u00e9, dimanche au Mus\u00e9e Batha, les festivaliers qui ont fait le d\u00e9placement. Exposition Fen\u00eatres sur rue 1 de Cl\u00e9mentine Lecointe du 04 au 28 juin 2020 \u00e0 Interface Dijon. Elle constitue \u00e9galement un espace pour F\u00e8s de sinspirer des exp\u00e9riences et du savoir-faire des villes participantes en mati\u00e8re de gestion et de bonne gouvernance, a-t-il dit dans une d\u00e9claration \u00e0 la MAP, ajoutant que les d\u00e9l\u00e9gations pr\u00e9sentes auront loccasion de d\u00e9couvrir la profondeur historique et civilisationnelle de la cit\u00e9 Idrisside. 14h30 16h15 : Panel 1 : Les programmes innovants de partenariat pour contribuer au d\u00e9veloppement des entreprises agissant pour le CLIMAT panel CPCCAF sur parcours des th\u00e9matiques reli\u00e9es au Climat : ville durable, TIC, formations et information \u00e9conomique, cha\u00eene de valeur des produits, femmes entrepreneurs ; Cette exposition de photographies est propos\u00e9e \u00e0 partir davril 2014 dans les diff\u00e9rentes villes du Maroc o\u00f9 ont \u0153uvr\u00e9 les photographes : Marrakech, Mekn\u00e8s, F\u00e8s, Rabat, El Jadida et Casablanca. Facult\u00e9 des Sciences Juridiques Economique et Sociales-Dhar Elmahraz Une d\u00e9l\u00e9gation de la r\u00e9gion F\u00e8s-Mekn\u00e8s a r\u00e9cemment rencontr\u00e9 les responsables des villes de Grenade et Malaga. Les deux parties se sont mises daccord sur la signature de plusieurs conventions dans les secteurs de lagro-industrie et du tourisme. 18h30 : Rencontre avec les apprenants et le public de lInstitut fran\u00e7ais \u00e0 la M\u00e9diath\u00e8que de lInstitut.<\/p>\n","protected":false},"excerpt":{"rendered":"<p>rencontres a fes<\/p>\n","protected":false},"author":1,"featured_media":0,"comment_status":"closed","ping_status":"closed","sticky":false,"template":"","format":"standard","meta":{"footnotes":""},"categories":[1],"tags":[],"_links":{"self":[{"href":"http:\/\/bauclassroom.com\/info\/wp-json\/wp\/v2\/posts\/43"}],"collection":[{"href":"http:\/\/bauclassroom.com\/info\/wp-json\/wp\/v2\/posts"}],"about":[{"href":"http:\/\/bauclassroom.com\/info\/wp-json\/wp\/v2\/types\/post"}],"author":[{"embeddable":true,"href":"http:\/\/bauclassroom.com\/info\/wp-json\/wp\/v2\/users\/1"}],"replies":[{"embeddable":true,"href":"http:\/\/bauclassroom.com\/info\/wp-json\/wp\/v2\/comments?post=43"}],"version-history":[{"count":1,"href":"http:\/\/bauclassroom.com\/info\/wp-json\/wp\/v2\/posts\/43\/revisions"}],"predecessor-version":[{"id":44,"href":"http:\/\/bauclassroom.com\/info\/wp-json\/wp\/v2\/posts\/43\/revisions\/44"}],"wp:attachment":[{"href":"http:\/\/bauclassroom.com\/info\/wp-json\/wp\/v2\/media?parent=43"}],"wp:term":[{"taxonomy":"category","embeddable":true,"href":"http:\/\/bauclassroom.com\/info\/wp-json\/wp\/v2\/categories?post=43"},{"taxonomy":"post_tag","embeddable":true,"href":"http:\/\/bauclassroom.com\/info\/wp-json\/wp\/v2\/tags?post=43"}],"curies":[{"name":"wp","href":"https:\/\/api.w.org\/{rel}","templated":true}]}}