{"id":4349,"date":"2020-09-28T14:04:58","date_gmt":"2020-09-28T14:04:58","guid":{"rendered":"http:\/\/bauclassroom.com\/info\/?p=4349"},"modified":"2020-09-23T20:14:40","modified_gmt":"2020-09-23T20:14:40","slug":"moundir-et-ines-rencontre","status":"publish","type":"post","link":"http:\/\/bauclassroom.com\/info\/2020\/09\/28\/moundir-et-ines-rencontre\/","title":{"rendered":"Moundir Et Ines Rencontre"},"content":{"rendered":"<p>Ne manquez pas le num\u00e9ro Episode 11 de Koh-Lanta, l\u00eele des h\u00e9ros. Derni\u00e8re diffusion le.. \u00c0 01h00 sur. <img decoding=\"async\" src=\"http:\/\/static.hitek.fr\/img\/actualite\/2017\/06\/01\/w_maxresdefault-262.jpg\" alt=\"moundir et ines rencontre\" align=\"right\"> Le 13 juin 2016, il y a 4 ans, les policiers Jean-Baptiste Salvaing et Jessica Schneider, sont massacr\u00e9s \u00e0 leur domicile de Magnanville par le terroriste islamiste Larossi Abballa. La manifestation nest pas encore partie de R\u00e9publique. Elle devrait arriver \u00e0 Op\u00e9ra Generationadama radioparleur  G\u00e9n\u00e9ration Identitaire narrive pas \u00e0 d\u00e9ployer sa banderole. Les habitants de limmeuble se mobilisent pour la d\u00e9chirer depuis leurs balcons! JusticePourAdama GenerationAdama <img decoding=\"async\" src=\"http:\/\/photos.gammvert.fr\/v5\/products\/full\/42568-pro-plan-cn-large-puppy-athletic-1-3.jpg\" alt=\"moundir et ines rencontre\" align=\"right\"> Valeurs: Sales juifs, crient des manifestants antiracistes ulc\u00e9r\u00e9s par une banderole de G\u00e9n\u00e9rationIdentitaire pour les victimes de Racisme AntiBlancs. Preuves effac\u00e9es, images de vid\u00e9osurveillance et \u00e9changes radios perdues, aucune donn\u00e9e dans le logiciel PEGASE On notera le courage de G\u00e9n\u00e9ration filsdeputaire qui a fui tr\u00e8s tr\u00e8s fort FLASH-Des membres de Generation identitaire, toujours r\u00e9fugi\u00e9s sur un toit, lancent des feux dartifice \u00e0 R\u00e9publique. Lun est tomb\u00e9 sur la foule, sans faire de d\u00e9g\u00e2ts. Leur banderole a \u00e9t\u00e9 d\u00e9chir\u00e9e par des habitants. Correspondant JusticePourAdama GenerationAdama Le quinquennat de Macron, cest celui de la honte. <img decoding=\"async\" src=\"http:\/\/penopolwy.tk\/wp-content\/uploads\/2017\/12\/midi_en_france_saint-quay.jpg\" alt=\"moundir et ines rencontre\" align=\"left\"> Depuis : Perdus au milieu de nulle part W9 : pr\u00e9sentateur Certains dentre vous ont peut-\u00eatre reconnu In\u00e8s la ch\u00e9rie de Moundir qui est dailleurs sa femme depuis 2011. Plut\u00f4t discr\u00e8te aujourdhui, la jeune femme avait pourtant particip\u00e9 \u00e0 l\u00e9mission Moundir, laventurier de lamour! La jolie brune \u00e9tait en effet une des pr\u00e9tendantes et avait quitt\u00e9 laventure pour rejoindre un autre homme Si le peuple fran\u00e7ais ne se r\u00e9veille pas de sa l\u00e9thargie identitaire et sacharne \u00e0 cultiver sa zombification, la France telle quon la conna\u00eet dispara\u00eetra   Tweetez sur GenerationAdama nous sommes en train d\u00e9crire une page. Ne l\u00e2chons rien pour nos fr\u00e8re, soeurs, oncles, tantes et autres proches qui subissent une police partial et une justice biais\u00e9e. Elle est belle cette place de la R\u00e9publique mobilis\u00e9e contre le racisme, contre les nazillons des groupuscules identitaires, contre les violences polici\u00e8res et surtout pour JusticePourAdama GenerationAdama Moundir Zoughari est papa pour la deuxi\u00e8me fois. Un bonheur immense que lancien aventurier de Koh-Lanta a tenu \u00e0 partager \u00e0 ses fans le lundi 16 septembre 2019! Mais ce nest pas tout, le trublion de la t\u00e9l\u00e9-r\u00e9alit\u00e9, nous a \u00e9galement fait savoir quil r\u00eavait de devenir acteur! Son nouveau plan de carri\u00e8re est dobtenir un jour un r\u00f4le dans une fiction : Jaimerais participer \u00e0 un vrai projet, une fiction qui touche toute la population. In\u00e8s, la candidate toulousaine de cette saison 2020 de Koh-Lanta, \u00e9tait au c\u0153ur de la derni\u00e8re \u00e9mission diffus\u00e9e vendredi soir. Pour son altercation verbale.. On r\u00e9plique : Pas de fachos dans les quartiers, pas de quartiers pour les fachos! 3. Des marocains racontent dans la vid\u00e9o ci-dessous leur d\u00e9cision de d\u00e9serter les rangs de larm\u00e9e fran\u00e7aise pour rallier les troupes de H\u00f4 Chi Minh. Les fran\u00e7ais ont d\u00e9port\u00e9 Mohammed V, je ne suis pas un con pour rester dans larm\u00e9e fran\u00e7aise Un bouclier anti\u00e9meute des forces de lordre est r\u00e9cup\u00e9r\u00e9 par les personnes pr\u00e9sentes sur la Place de la R\u00e9publique. Le collectif dextr\u00eame droite G\u00e9n\u00e9ration identitaire vient de d\u00e9ployer une banderole sur le toit dun immeuble place de la Republique sous les hu\u00e9es des manifestants r\u00e9unis contre le racisme. Des militants ont r\u00e9ussi \u00e0 grimper jusquau dernier \u00e9tage pour d\u00e9chirer la banderole.<\/p>\n","protected":false},"excerpt":{"rendered":"<p>moundir et ines rencontre<\/p>\n","protected":false},"author":1,"featured_media":0,"comment_status":"closed","ping_status":"closed","sticky":false,"template":"","format":"standard","meta":{"footnotes":""},"categories":[1],"tags":[],"_links":{"self":[{"href":"http:\/\/bauclassroom.com\/info\/wp-json\/wp\/v2\/posts\/4349"}],"collection":[{"href":"http:\/\/bauclassroom.com\/info\/wp-json\/wp\/v2\/posts"}],"about":[{"href":"http:\/\/bauclassroom.com\/info\/wp-json\/wp\/v2\/types\/post"}],"author":[{"embeddable":true,"href":"http:\/\/bauclassroom.com\/info\/wp-json\/wp\/v2\/users\/1"}],"replies":[{"embeddable":true,"href":"http:\/\/bauclassroom.com\/info\/wp-json\/wp\/v2\/comments?post=4349"}],"version-history":[{"count":1,"href":"http:\/\/bauclassroom.com\/info\/wp-json\/wp\/v2\/posts\/4349\/revisions"}],"predecessor-version":[{"id":4350,"href":"http:\/\/bauclassroom.com\/info\/wp-json\/wp\/v2\/posts\/4349\/revisions\/4350"}],"wp:attachment":[{"href":"http:\/\/bauclassroom.com\/info\/wp-json\/wp\/v2\/media?parent=4349"}],"wp:term":[{"taxonomy":"category","embeddable":true,"href":"http:\/\/bauclassroom.com\/info\/wp-json\/wp\/v2\/categories?post=4349"},{"taxonomy":"post_tag","embeddable":true,"href":"http:\/\/bauclassroom.com\/info\/wp-json\/wp\/v2\/tags?post=4349"}],"curies":[{"name":"wp","href":"https:\/\/api.w.org\/{rel}","templated":true}]}}